{"id":4996,"date":"2017-01-04T17:33:00","date_gmt":"2017-01-04T19:33:00","guid":{"rendered":"http:\/\/172.16.0.7\/site-antigo\/?p=4996"},"modified":"2024-10-08T09:13:14","modified_gmt":"2024-10-08T12:13:14","slug":"prefeitura-comunica-sobre-vencimento-do-iss-e-alvaras","status":"publish","type":"post","link":"https:\/\/www.apucarana.pr.gov.br\/site\/prefeitura-comunica-sobre-vencimento-do-iss-e-alvaras\/","title":{"rendered":"Prefeitura comunica sobre vencimento do ISS e Alvar\u00e1."},"content":{"rendered":"<h2><\/h2>\n<p>A Superintend\u00eancia de Tributa\u00e7\u00e3o da Secretaria Municipal da Fazenda de Apucarana comunica aos prestadores de servi\u00e7os que j\u00e1 est\u00e1 dispon\u00edvel no site oficial da prefeitura a impress\u00e3o do carn\u00ea\/2017 de \u201cISS Fixo\u201d e \u201cISS Estimado\u201d, bem como da Taxa de Alvar\u00e1 de Licen\u00e7a e da Taxa de Vigil\u00e2ncia Sanit\u00e1ria.<br \/>\nO vencimento da primeira parcela do \u201cISS Fixo\u201d e o \u201cISS Estimado\u201d vai acontecer na mesma data, no dia 10 de fevereiro. Os dois tributos podem ser quitados em at\u00e9 12 vezes.<br \/>\nJ\u00e1 a Taxa de Alvar\u00e1 de Licen\u00e7a deve ser paga em cota \u00fanica at\u00e9 dia 10 de abril. A mesma data vale para o pagamento da primeira parcela da Taxa de Vigil\u00e2ncia Sanit\u00e1ria que tem a op\u00e7\u00e3o de pagamento em at\u00e9 5 vezes.<br \/>\nO procedimento para impress\u00e3o dos carn\u00eas \u00e9 simples e deve ser feito atrav\u00e9s do site da Prefeitura de Apucarana. Ao entrar no portal <a href=\"http:\/\/www.apucarana.pr.gov.br\/\">www.apucarana.pr.gov.br<\/a>, j\u00e1 na p\u00e1gina principal, o usu\u00e1rio vai encontrar a op\u00e7\u00e3o \u201cAcesso R\u00e1pido\u201d. Basta clicar na op\u00e7\u00e3o \u201cISS Emiss\u00e3o de Carn\u00ea\u201d, selecionar o tipo do tributo, preencher o n\u00famero de cadastro, ano do d\u00e9bito e op\u00e7\u00e3o de impress\u00e3o. Ap\u00f3s, \u00e9 s\u00f3 ir em \u201cgerar documento\u201d.<br \/>\nD\u00favidas ou outras informa\u00e7\u00f5es sobre o lan\u00e7amento do Imposto Sobre Servi\u00e7os 2017 (ISS 2017) e Alvar\u00e1s podem ser obtidas pessoalmente no t\u00e9rreo do pr\u00e9dio central da prefeitura ou pelo telefone 3162-4285, de 8h30 \u00e0s 12 horas e das 14 horas \u00e0s 18 horas.<br \/>\n&nbsp;<\/p>\n","protected":false},"excerpt":{"rendered":"<p>Carn\u00ea para pagamento deve ser impresso pelo site da prefeitura (Foto &#8211; Edson Denobi)<\/p>\n","protected":false},"author":4,"featured_media":4997,"comment_status":"closed","ping_status":"open","sticky":false,"template":"","format":"standard","meta":{"footnotes":""},"categories":[24],"tags":[],"class_list":["post-4996","post","type-post","status-publish","format-standard","has-post-thumbnail","hentry","category-noticias"],"acf":[],"_links":{"self":[{"href":"https:\/\/www.apucarana.pr.gov.br\/site\/wp-json\/wp\/v2\/posts\/4996","targetHints":{"allow":["GET"]}}],"collection":[{"href":"https:\/\/www.apucarana.pr.gov.br\/site\/wp-json\/wp\/v2\/posts"}],"about":[{"href":"https:\/\/www.apucarana.pr.gov.br\/site\/wp-json\/wp\/v2\/types\/post"}],"author":[{"embeddable":true,"href":"https:\/\/www.apucarana.pr.gov.br\/site\/wp-json\/wp\/v2\/users\/4"}],"replies":[{"embeddable":true,"href":"https:\/\/www.apucarana.pr.gov.br\/site\/wp-json\/wp\/v2\/comments?post=4996"}],"version-history":[{"count":1,"href":"https:\/\/www.apucarana.pr.gov.br\/site\/wp-json\/wp\/v2\/posts\/4996\/revisions"}],"predecessor-version":[{"id":102639,"href":"https:\/\/www.apucarana.pr.gov.br\/site\/wp-json\/wp\/v2\/posts\/4996\/revisions\/102639"}],"wp:featuredmedia":[{"embeddable":true,"href":"https:\/\/www.apucarana.pr.gov.br\/site\/wp-json\/"}],"wp:attachment":[{"href":"https:\/\/www.apucarana.pr.gov.br\/site\/wp-json\/wp\/v2\/media?parent=4996"}],"wp:term":[{"taxonomy":"category","embeddable":true,"href":"https:\/\/www.apucarana.pr.gov.br\/site\/wp-json\/wp\/v2\/categories?post=4996"},{"taxonomy":"post_tag","embeddable":true,"href":"https:\/\/www.apucarana.pr.gov.br\/site\/wp-json\/wp\/v2\/tags?post=4996"}],"curies":[{"name":"wp","href":"https:\/\/api.w.org\/{rel}","templated":true}]}}