{"id":4989,"date":"2017-01-04T13:35:21","date_gmt":"2017-01-04T15:35:21","guid":{"rendered":"http:\/\/172.16.0.7\/site-antigo\/?p=4989"},"modified":"2024-10-08T09:13:15","modified_gmt":"2024-10-08T12:13:15","slug":"mathew-cheboi-nelson-mbuya-e-joziane-cardoso-confirmam-presenca-na-28","status":"publish","type":"post","link":"https:\/\/www.apucarana.pr.gov.br\/site\/mathew-cheboi-nelson-mbuya-e-joziane-cardoso-confirmam-presenca-na-28\/","title":{"rendered":"Mathew Cheboi, Nelson Mbuya e Joziane Cardoso confirmam presen\u00e7a na \u201c28\u201d"},"content":{"rendered":"<article id=\"texto\">Os atletas Mathew Kiptoo Cheboi, do Qu\u00eania; Nelson Priva Mbuya, da Tanz\u00e2nia; e a paranaense Joziane da Silva Cardoso, da equipe P\u00e9 de Vento, do Rio de Janeiro, s\u00e3o as primeiras atra\u00e7\u00f5es confirmadas na 55\u00aa edi\u00e7\u00e3o da tradicional Prova Pedestre 28 de Janeiro, que vai acontecer no pr\u00f3ximo dia 28, nas principais ruas de Apucarana.O professor Jos\u00e9 Marcelino da Silva, o Grilo, um dos coordenadores da competi\u00e7\u00e3o, confirmou nesta segunda-feira os tr\u00eas atletas renomados na pr\u00f3xima prova apucaranense e disse ainda que tamb\u00e9m est\u00e3o garantidas mais uma queniana, uma et\u00edope e uma tanzaniana.<br \/>\n\u201cTamb\u00e9m vir\u00e1 um atleta de destaque da Col\u00f4mbia\u201d, comentou Grilo, que no \u00faltimo s\u00e1bado de manh\u00e3 esteve em S\u00e3o Paulo acompanhando a 92\u00aa Corrida Internacional de S\u00e3o Silvestre.\u00a0Mathew Cheboi e Nelson Mbuya defendem a equipe Fila\/Bioleve e s\u00e3o agenciados pelo t\u00e9cnico brasileiro Moacir Marconi, o Coquinho.<br \/>\nOs dois j\u00e1 venceram a Prova 28. Cheboi foi bicampe\u00e3o em 2005 e 2006 e Mibuya ficou com o t\u00edtulo em 2012.\u00a0Joziane, que \u00e9 natural de Nova Santa B\u00e1rbara (Norte do Estado), vem em busca da sua quarta vit\u00f3ria. Ela venceu a \u201c28\u201d em 2011, 2014 e 2016.\u00a0As outras atra\u00e7\u00f5es confirmadas s\u00e3o Emmaculate Jebet, do Qu\u00eania; Shewaye Wolde Woldemeskel, da Eti\u00f3pia, e Failuna Abdi Matanga, da Tanz\u00e2nia. As duas primeiras atletas tamb\u00e9m s\u00e3o agenciadas por Coquinho, enquanto Matanga, da equipe Luasa Sports, de Taubat\u00e9, vai correr pela segunda vez em Apucarana. Na prova de 2014, ela obteve a segunda coloca\u00e7\u00e3o.\u00a0Outro corredor confirmado \u00e9 o colombiano Sergio Alejandro Lopes Rodrigues, da equipe Luasa Sports.<br \/>\nNo ano passado, ele venceu quatro provas realizadas em seu pa\u00eds.\u00a0A professora Jossuela Martins Pirelli Pinheiro, secret\u00e1ria municipal de Esportes e Lazer da Prefeitura de Apucarana, disse ontem \u00e0 tarde que mais de 1.700 atletas j\u00e1 haviam feito as suas inscri\u00e7\u00f5es.\u00a0De acordo com ela, a inscri\u00e7\u00e3o ser\u00e1 encerrada no dia 20 deste m\u00eas, no valor de R$ 50,00, e somente poder\u00e1 ser feita no site <a href=\"http:\/\/www.apucarana.pr.gov.br.\">www.apucarana.pr.gov.br.<\/a><br \/>\n<\/article>\n<p>Fonte: <a href=\"http:\/\/m.tnonline.uol.com.br\/noticias\/esportes\/1,398218,03,01,mathew-cheboi-nelson-mbuya-e-joziane-cardoso-confirmam-presenca-na-28-1.shtml\">Site TN Online<\/a><\/p>\n","protected":false},"excerpt":{"rendered":"<p>O professor Jos\u00e9 Marcelino da Silva, o Grilo, um dos coordenadores da competi\u00e7\u00e3o, confirmou nesta segunda-feira os tr\u00eas atletas renomados na pr\u00f3xima prova apucaranense (Foto: Jornal Tribuna do Norte)<\/p>\n","protected":false},"author":4,"featured_media":4990,"comment_status":"closed","ping_status":"open","sticky":false,"template":"","format":"standard","meta":{"footnotes":""},"categories":[24],"tags":[],"class_list":["post-4989","post","type-post","status-publish","format-standard","has-post-thumbnail","hentry","category-noticias"],"acf":[],"_links":{"self":[{"href":"https:\/\/www.apucarana.pr.gov.br\/site\/wp-json\/wp\/v2\/posts\/4989","targetHints":{"allow":["GET"]}}],"collection":[{"href":"https:\/\/www.apucarana.pr.gov.br\/site\/wp-json\/wp\/v2\/posts"}],"about":[{"href":"https:\/\/www.apucarana.pr.gov.br\/site\/wp-json\/wp\/v2\/types\/post"}],"author":[{"embeddable":true,"href":"https:\/\/www.apucarana.pr.gov.br\/site\/wp-json\/wp\/v2\/users\/4"}],"replies":[{"embeddable":true,"href":"https:\/\/www.apucarana.pr.gov.br\/site\/wp-json\/wp\/v2\/comments?post=4989"}],"version-history":[{"count":1,"href":"https:\/\/www.apucarana.pr.gov.br\/site\/wp-json\/wp\/v2\/posts\/4989\/revisions"}],"predecessor-version":[{"id":102640,"href":"https:\/\/www.apucarana.pr.gov.br\/site\/wp-json\/wp\/v2\/posts\/4989\/revisions\/102640"}],"wp:featuredmedia":[{"embeddable":true,"href":"https:\/\/www.apucarana.pr.gov.br\/site\/wp-json\/"}],"wp:attachment":[{"href":"https:\/\/www.apucarana.pr.gov.br\/site\/wp-json\/wp\/v2\/media?parent=4989"}],"wp:term":[{"taxonomy":"category","embeddable":true,"href":"https:\/\/www.apucarana.pr.gov.br\/site\/wp-json\/wp\/v2\/categories?post=4989"},{"taxonomy":"post_tag","embeddable":true,"href":"https:\/\/www.apucarana.pr.gov.br\/site\/wp-json\/wp\/v2\/tags?post=4989"}],"curies":[{"name":"wp","href":"https:\/\/api.w.org\/{rel}","templated":true}]}}