{"id":4943,"date":"2016-12-31T15:38:01","date_gmt":"2016-12-31T17:38:01","guid":{"rendered":"http:\/\/172.16.0.7\/site-antigo\/?p=4943"},"modified":"2024-10-08T09:13:15","modified_gmt":"2024-10-08T12:13:15","slug":"documento-registra-parte-da-historia-politica-de-apucarana","status":"publish","type":"post","link":"https:\/\/www.apucarana.pr.gov.br\/site\/documento-registra-parte-da-historia-politica-de-apucarana\/","title":{"rendered":"Documento registra parte da hist\u00f3ria pol\u00edtica de Apucarana"},"content":{"rendered":"<p>Em um universo essencialmente burocr\u00e1tico, em que todos os dias s\u00e3o emitidos e arquivados leis, decretos, portarias e outras centenas de pap\u00e9is oficiais, fica dif\u00edcil imaginar que existe um documento na Prefeitura de Apucarana que s\u00f3 \u00e9 manuseado de quatro em quatro anos. Mas ele existe. Guardado a sete chaves, sobretudo devido sua relev\u00e2ncia hist\u00f3rica, \u00e9 o \u201cLivro destinado \u00e0 lavratura de atas de transmiss\u00f5es de cargo de prefeito\u201d. O nome \u00e9 esse mesmo, datilografado e disposto em duas linhas em uma pequena etiqueta, estampado em um charmoso livro de capa dura da d\u00e9cada de 50, j\u00e1 amarelado pelos anos.<br \/>\nE, como neste domingo (01\/01), \u00e0s 8h30, no Cine Teatro F\u00eanix, acontece mais uma posse, o documento cumprir\u00e1 mais uma vez com o seu prop\u00f3sito. Desconhecido de muita gente, nesta sexta-feira (30\/12) o livro ata foi resgatado mais uma vez do cofre municipal e j\u00e1 p\u00f4de ser visto por poucos servidores, respons\u00e1veis pelo protocolo exigido pelo momento.<br \/>\nO prefeito Beto Preto, que \u00e9 o 14\u00ba chefe do Executivo Municipal eleito desde que Apucarana emancipou-se em 28 de janeiro de 1.944, folheou cuidadosamente as 45 p\u00e1ginas j\u00e1 preenchidas de forma caprichosa, \u00e0 letra de m\u00e3o, e falou sobre o sentimento. \u201cEste livro carrega a hist\u00f3ria pol\u00edtica da cidade e \u00e9 com muita emo\u00e7\u00e3o e respeito por Apucarana que terei o prazer de assin\u00e1-lo novamente neste domingo e ter a honra de prosseguir como prefeito. Sou muito grato ao povo pelos votos recebidos\u201d, disse Beto. Ele lembrou que teve ainda a oportunidade de assinar a ata como testemunha no ano de 2001, quando da transmiss\u00e3o de cargo entre os gestores da \u00e9poca. \u201cAo meu lado tamb\u00e9m estava o atual superintendente de Rela\u00e7\u00f5es com a Comunidade, La\u00e9rcio Morais\u201d, salientou.<br \/>\nAo comentar sobre a\u00e7\u00f5es de gest\u00e3o desenvolvidas nos \u00faltimos quatro anos, o prefeito reeleito afirmou estar ainda mais preparado para os desafios administrativos. \u201cLembro quando subi o primeiro degrau da prefeitura, h\u00e1 quatro anos, e pedi a Deus que aben\u00e7oasse com suas m\u00e3os todo o trabalho. Neste domingo, vou renovar o pedido, pois quando pedimos com F\u00e9, Ele sempre nos responde com grandes coisas\u201d, pontuou Beto Preto.<br \/>\n<strong>Curiosidades <\/strong>&#8211; O primeiro registro do livro de transmiss\u00e3o de cargos da Prefeitura de Apucarana \u00e9 datado de 1951, quando o ent\u00e3o prefeito Carlos Massaretto, primeiro gestor eleito do munic\u00edpio, passou a administra\u00e7\u00e3o da prefeitura ao Coronel Luis Jos\u00e9 dos Santos, popularmente conhecido como Coronel Mam\u00e3o.<br \/>\nEm ordem cronol\u00f3gica, os 14 prefeitos eleitos em voto popular em Apucarana foram: Carlos Massaretto (1947), tenente-Coronel Luis Jos\u00e9 dos Santos, Jorge Amin Maia, Marino Pereira, \u00c1lvaro Anibal Lautenchlager, Saul Guimar\u00e3es da Costa, Valmor Santos Giavarina, Luiz Ant\u00f4nio Biacchi, Voldimir Maistrovicz, Carlos Roberto Scarpelini (dois mandatos), Jos\u00e9 Domingos Scarpelini, Valter Aparecido Pegorer (tr\u00eas mandatos), Jo\u00e3o Carlos de Oliveira e Carlos Alberto Gebrim Preto, Beto Preto (atual e reeleito). Na trajet\u00f3ria hist\u00f3rica, em per\u00edodos curtos, alguns vices-prefeitos tamb\u00e9m chegaram a assumir a fun\u00e7\u00e3o de chefe maior da cidade.<br \/>\nToda esta hist\u00f3ria de posses e transmiss\u00f5es de cargo foi detalhadamente contada, recentemente, pelo jornalista e pioneiro apucaranense Francisco Soares Dias Sobrinho, em testemunho ao livro \u201cApucarana: uma hist\u00f3ria de sucesso no Norte do Paran\u00e1\u201d. Desde a emancipa\u00e7\u00e3o em 1944 at\u00e9 o primeiro prefeito eleito popularmente, em 1947, seis administradores j\u00e1 haviam ficado \u00e0 frente do Executivo Municipal. Os primeiros representantes, lembrou o pioneiro, costumavam ser nomeados pelo governo estadual, tendo sido o tenente-coronel Luis Jos\u00e9 dos Santos o primeiro prefeito designado para a fun\u00e7\u00e3o.<\/p>\n","protected":false},"excerpt":{"rendered":"<p>Desconhecido de muita gente, nesta sexta-feira (30\/12) o livro ata foi resgatado mais uma vez do cofre municipal e j\u00e1 p\u00f4de ser visto por poucos servidores, respons\u00e1veis pelo protocolo exigido pelo momento (Foto: Profeta)<\/p>\n","protected":false},"author":4,"featured_media":4947,"comment_status":"closed","ping_status":"open","sticky":false,"template":"","format":"standard","meta":{"footnotes":""},"categories":[24],"tags":[],"class_list":["post-4943","post","type-post","status-publish","format-standard","has-post-thumbnail","hentry","category-noticias"],"acf":[],"_links":{"self":[{"href":"https:\/\/www.apucarana.pr.gov.br\/site\/wp-json\/wp\/v2\/posts\/4943","targetHints":{"allow":["GET"]}}],"collection":[{"href":"https:\/\/www.apucarana.pr.gov.br\/site\/wp-json\/wp\/v2\/posts"}],"about":[{"href":"https:\/\/www.apucarana.pr.gov.br\/site\/wp-json\/wp\/v2\/types\/post"}],"author":[{"embeddable":true,"href":"https:\/\/www.apucarana.pr.gov.br\/site\/wp-json\/wp\/v2\/users\/4"}],"replies":[{"embeddable":true,"href":"https:\/\/www.apucarana.pr.gov.br\/site\/wp-json\/wp\/v2\/comments?post=4943"}],"version-history":[{"count":1,"href":"https:\/\/www.apucarana.pr.gov.br\/site\/wp-json\/wp\/v2\/posts\/4943\/revisions"}],"predecessor-version":[{"id":102645,"href":"https:\/\/www.apucarana.pr.gov.br\/site\/wp-json\/wp\/v2\/posts\/4943\/revisions\/102645"}],"wp:featuredmedia":[{"embeddable":true,"href":"https:\/\/www.apucarana.pr.gov.br\/site\/wp-json\/"}],"wp:attachment":[{"href":"https:\/\/www.apucarana.pr.gov.br\/site\/wp-json\/wp\/v2\/media?parent=4943"}],"wp:term":[{"taxonomy":"category","embeddable":true,"href":"https:\/\/www.apucarana.pr.gov.br\/site\/wp-json\/wp\/v2\/categories?post=4943"},{"taxonomy":"post_tag","embeddable":true,"href":"https:\/\/www.apucarana.pr.gov.br\/site\/wp-json\/wp\/v2\/tags?post=4943"}],"curies":[{"name":"wp","href":"https:\/\/api.w.org\/{rel}","templated":true}]}}