{"id":4913,"date":"2016-12-27T22:05:32","date_gmt":"2016-12-28T00:05:32","guid":{"rendered":"http:\/\/172.16.0.7\/site-antigo\/?p=4913"},"modified":"2024-10-08T09:13:15","modified_gmt":"2024-10-08T12:13:15","slug":"prefeitura-inaugura-cras-da-vila-regina-e-entrega-4-veiculos-para-assistencia-social","status":"publish","type":"post","link":"https:\/\/www.apucarana.pr.gov.br\/site\/prefeitura-inaugura-cras-da-vila-regina-e-entrega-4-veiculos-para-assistencia-social\/","title":{"rendered":"Prefeitura inaugura CRAS da Vila Regina e  entrega 4 ve\u00edculos para assist\u00eancia social"},"content":{"rendered":"<p>&nbsp;<br \/>\nO prefeito Beto Preto entregou hoje (27) para uso da comunidade o Centro de Refer\u00eancia em Assist\u00eancia Social (CRAS) da Vila Regina, denominado Padre Dominique. \u00a0O investimento na obra foi de R$ 390 mil, mediante conv\u00eanio firmado entre o munic\u00edpio e o Minist\u00e9rio de Desenvolvimento Social e Combate \u00e0 Fome (MDS).<br \/>\nBeto Preto lembra que no in\u00edcio do seu mandato, em 2013, nenhum dos quatro CRAS de Apucarana tinha sede pr\u00f3pria, funcionando em im\u00f3veis alugados. Hoje, tr\u00eas deles, do Jardim Am\u00e9rica, Sumatra e agora da Vila Regina, atendem em espa\u00e7os que s\u00e3o de propriedade do munic\u00edpio. O quarto, na Vila Reis, est\u00e1 em fase final de constru\u00e7\u00e3o.<br \/>\nConstru\u00eddo pela Bizantina Engenharia e Constru\u00e7\u00f5es Ltda, o CRAS da Vila Regina tem 165 metros quadrados de \u00e1rea constru\u00edda e est\u00e1 localizado em um terreno de 390 metros quadrados, situado na Rua Natividade, esquina com a Rua Tito Cerazoli (ao lado do CMEI Sefarim Colombo). As instala\u00e7\u00f5es disp\u00f5em de sala multiuso, sala de coordena\u00e7\u00e3o, recep\u00e7\u00e3o, sala de atendimento \u00e0s fam\u00edlias, copa, almoxarifado, banheiros adaptados para funcion\u00e1rios e para o p\u00fablico, al\u00e9m de acesso externo coberto.<br \/>\n\u201cEssa estrutura \u00e9 de grande import\u00e2ncia para o atendimento da popula\u00e7\u00e3o, em programas e servi\u00e7os da \u00e1rea social. E hoje, temos quatro CRAS, todos com pr\u00e9dio pr\u00f3prio, deixando de gastar com loca\u00e7\u00f5es como nas gest\u00f5es anteriores\u201d, destacou Beto Preto, que fez quest\u00e3o de agradecer o apoio de Arilson Chioratto e da senadora Gleisi Hoffmann na libera\u00e7\u00e3o dos CRAS da Vila Regina e Vila Reis.<br \/>\nO presidente da Associa\u00e7\u00e3o de Moradores do Jardim Figueira, Vila Regina e outros bairros, Rog\u00e9rio Aparecido de Almeida, lembrou que a regi\u00e3o estava esquecida. \u201cGanhamos asfalto novo, galerias pluviais para evitar inunda\u00e7\u00f5es, ilumina\u00e7\u00e3o p\u00fablica moderna e melhorias na creche e posto de sa\u00fade\u201d, agradeceu Almeida, frisando que esta gest\u00e3o fez em quatro anos, o que a regi\u00e3o n\u00e3o recebeu em trinta anos.<br \/>\nA secret\u00e1ria da Assist\u00eancia Social, Marcia Sousa, destaca que os CRAS permitem, na pr\u00e1tica, a descentraliza\u00e7\u00e3o dos atendimentos da assist\u00eancia social, possibilitando a oferta dos servi\u00e7os sociais cada vez mais pr\u00f3ximos de quem necessita. \u201cAproximadamente 47 bairros ser\u00e3o beneficiados por esta unidade do CRAS, entre os quais as vilas Regina, Apucaraninha, Nossa Senhora Aparecida; N\u00facleo da Fraternidade e Col\u00f4nia Comunit\u00e1ria, entre tantos outros\u201d, informa a secret\u00e1ria.<br \/>\nA maior parte dos recursos para constru\u00e7\u00e3o do CRAS da Vila Regina \u00e9 oriundo de um conv\u00eanio com o Governo Federal, atrav\u00e9s do Minist\u00e9rio do Desenvolvimento Social e Combate \u00e0 Fome (MDS), com uma contrapartida do munic\u00edpio de R$ 15 mil.<br \/>\n<strong>Amplia\u00e7\u00e3o da frota<\/strong><br \/>\nO dia de hoje foi marcado por mais conquistas na \u00e1rea da assist\u00eancia social do munic\u00edpio, com a entrega de quatro novos ve\u00edculos para o servi\u00e7o de assist\u00eancia \u00e0 comunidade. S\u00e3o tr\u00eas Chevrolet Onix Joy 1.0 no valor de R$ 38.690,00 cada, e um Chevrolet Montana LS 1.4 no valor de R$ 48.050,00. O total investido \u00e9 de R$164.120,00, com recursos do\u00a0Fundo Municipal de Assist\u00eancia Social.<br \/>\nNa atual administra\u00e7\u00e3o, a frota da Secretaria Municipal de Assist\u00eancia Social j\u00e1 havia recebido sete novos ve\u00edculos, zero quil\u00f4metro, sendo quatro Chevrolet Celtas, duas vans e um Chevrolet Cobalt. No in\u00edcio da gest\u00e3o Beto Preto havia cinco carros sucateados.<br \/>\nAmplia\u00e7\u00e3o da frota fortaleceu ainda mais as atividades desenvolvidas pela assist\u00eancia social. O Investimento contribuiu para melhorar o trabalho administrativo e especialmente os atendimentos, as visitas domiciliares e o acompanhamento de programas. Com os carros entregues hoje, a frota de ve\u00edculos novos da Assist\u00eancia Social soma onze unidades.<br \/>\n&nbsp;<\/p>\n","protected":false},"excerpt":{"rendered":"<p>A inaugura\u00e7\u00e3o deixa Apucarana com tr\u00eas CRAS funcionando em im\u00f3vel pr\u00f3prio e o quarto ser\u00e1 entregue em janeiro<\/p>\n","protected":false},"author":4,"featured_media":4905,"comment_status":"closed","ping_status":"open","sticky":false,"template":"","format":"standard","meta":{"footnotes":""},"categories":[24],"tags":[],"class_list":["post-4913","post","type-post","status-publish","format-standard","has-post-thumbnail","hentry","category-noticias"],"acf":[],"_links":{"self":[{"href":"https:\/\/www.apucarana.pr.gov.br\/site\/wp-json\/wp\/v2\/posts\/4913","targetHints":{"allow":["GET"]}}],"collection":[{"href":"https:\/\/www.apucarana.pr.gov.br\/site\/wp-json\/wp\/v2\/posts"}],"about":[{"href":"https:\/\/www.apucarana.pr.gov.br\/site\/wp-json\/wp\/v2\/types\/post"}],"author":[{"embeddable":true,"href":"https:\/\/www.apucarana.pr.gov.br\/site\/wp-json\/wp\/v2\/users\/4"}],"replies":[{"embeddable":true,"href":"https:\/\/www.apucarana.pr.gov.br\/site\/wp-json\/wp\/v2\/comments?post=4913"}],"version-history":[{"count":1,"href":"https:\/\/www.apucarana.pr.gov.br\/site\/wp-json\/wp\/v2\/posts\/4913\/revisions"}],"predecessor-version":[{"id":102649,"href":"https:\/\/www.apucarana.pr.gov.br\/site\/wp-json\/wp\/v2\/posts\/4913\/revisions\/102649"}],"wp:featuredmedia":[{"embeddable":true,"href":"https:\/\/www.apucarana.pr.gov.br\/site\/wp-json\/"}],"wp:attachment":[{"href":"https:\/\/www.apucarana.pr.gov.br\/site\/wp-json\/wp\/v2\/media?parent=4913"}],"wp:term":[{"taxonomy":"category","embeddable":true,"href":"https:\/\/www.apucarana.pr.gov.br\/site\/wp-json\/wp\/v2\/categories?post=4913"},{"taxonomy":"post_tag","embeddable":true,"href":"https:\/\/www.apucarana.pr.gov.br\/site\/wp-json\/wp\/v2\/tags?post=4913"}],"curies":[{"name":"wp","href":"https:\/\/api.w.org\/{rel}","templated":true}]}}