{"id":2441,"date":"2014-12-12T10:11:00","date_gmt":"2014-12-12T10:11:00","guid":{"rendered":"http:\/\/172.16.0.7\/site-antigo\/?p=2441"},"modified":"2024-10-08T09:09:38","modified_gmt":"2024-10-08T12:09:38","slug":"prefeitura-intensifica-rocagem-e-limpeza-de-parques","status":"publish","type":"post","link":"https:\/\/www.apucarana.pr.gov.br\/site\/prefeitura-intensifica-rocagem-e-limpeza-de-parques\/","title":{"rendered":"Prefeitura intensifica ro\u00e7agem e limpeza de parques"},"content":{"rendered":"<p><p>Com a chegada das festas de final de ano, aumenta a visita\u00e7\u00e3o aos parques municipais. Ao mesmo tempo, iniciou o per\u00edodo de chuvas, prop\u00edcio para o crescimento da vegeta\u00e7\u00e3o. Por isso, nos \u00faltimos dias, a Secretaria Municipal de Servi\u00e7os P\u00fablicos intensificou os trabalhos de ro\u00e7agem e limpeza em parques municipais. <\/p>\n<p>De acordo com o prefeito de Apucarana, Beto Preto, afirma que a Secretaria Municipal de Servi\u00e7os P\u00fablicos faz a manuten\u00e7\u00e3o peri\u00f3dica dos parques ao longo do ano e que est\u00e1 sendo intensificado nesta \u00e9poca para deixar os espa\u00e7os em condi\u00e7\u00f5es de receber bem os visitantes. &ldquo;O final de ano \u00e9 um per\u00edodo de festa, de congra\u00e7amento, de reuni\u00e3o das fam\u00edlias, quando muitas pessoas v\u00eam para Apucarana e aproveitam para passear nos parques municipais&rdquo;, assinala Beto Preto.<\/p>\n<p>Conforme Paulo Reis, diretor municipal de Servi\u00e7os P\u00fablicos, os servi\u00e7os est\u00e3o sendo executados pela PFE seguran\u00e7a, empresa contratada pelo munic\u00edpio para a limpeza de lotes urbanos v\u00e1rios e tamb\u00e9m de parques municipais. &ldquo;Apesar das chuvas, a equipe conseguiu avan\u00e7ar e concluiu os trabalhos nos parques da Raposa e do Japira&rdquo;, relata.<\/p>\n<p>De acordo com Reis, somente no Parque da Raposa os servi\u00e7os abrangeram uma \u00e1rea de 150 mil metros quadrados. &ldquo;Al\u00e9m da ro\u00e7agem, os oper\u00e1rios fazem o recolhimento da grama cortada e do lixo encontrado&rdquo;, explica.<\/p>\n<p>Nesta semana, a equipe est\u00e1 trabalhando no Parque Jaboti, um dos espa\u00e7os visitados por grande n\u00famero de pessoas, especialmente aos finais de semana. &ldquo;A ro\u00e7agem vai abranger uma \u00e1rea de 135 mil metros quadrados, al\u00e9m do recolhimento do lixo encontrado, principalmente garrafas do tipo long neck&rdquo;, detalha, informando ainda que, ap\u00f3s a conclus\u00e3o dos trabalhos do Parque Jaboti, a equipe se deslocar\u00e1 para os parques Bigua\u00e7u e Santo Expedito.<\/p>\n<p><\/p>\n","protected":false},"excerpt":{"rendered":"<p>Oper&aacute;rios est&atilde;o atuando nesta semana no Parque Jaboti, um dos parques municipais de maior visita&ccedil;&atilde;o<\/p>\n","protected":false},"author":4,"featured_media":0,"comment_status":"closed","ping_status":"closed","sticky":false,"template":"","format":"standard","meta":{"footnotes":""},"categories":[24],"tags":[],"class_list":["post-2441","post","type-post","status-publish","format-standard","hentry","category-noticias"],"acf":[],"_links":{"self":[{"href":"https:\/\/www.apucarana.pr.gov.br\/site\/wp-json\/wp\/v2\/posts\/2441","targetHints":{"allow":["GET"]}}],"collection":[{"href":"https:\/\/www.apucarana.pr.gov.br\/site\/wp-json\/wp\/v2\/posts"}],"about":[{"href":"https:\/\/www.apucarana.pr.gov.br\/site\/wp-json\/wp\/v2\/types\/post"}],"author":[{"embeddable":true,"href":"https:\/\/www.apucarana.pr.gov.br\/site\/wp-json\/wp\/v2\/users\/4"}],"replies":[{"embeddable":true,"href":"https:\/\/www.apucarana.pr.gov.br\/site\/wp-json\/wp\/v2\/comments?post=2441"}],"version-history":[{"count":1,"href":"https:\/\/www.apucarana.pr.gov.br\/site\/wp-json\/wp\/v2\/posts\/2441\/revisions"}],"predecessor-version":[{"id":104438,"href":"https:\/\/www.apucarana.pr.gov.br\/site\/wp-json\/wp\/v2\/posts\/2441\/revisions\/104438"}],"wp:attachment":[{"href":"https:\/\/www.apucarana.pr.gov.br\/site\/wp-json\/wp\/v2\/media?parent=2441"}],"wp:term":[{"taxonomy":"category","embeddable":true,"href":"https:\/\/www.apucarana.pr.gov.br\/site\/wp-json\/wp\/v2\/categories?post=2441"},{"taxonomy":"post_tag","embeddable":true,"href":"https:\/\/www.apucarana.pr.gov.br\/site\/wp-json\/wp\/v2\/tags?post=2441"}],"curies":[{"name":"wp","href":"https:\/\/api.w.org\/{rel}","templated":true}]}}