{"id":2440,"date":"2014-12-11T18:11:59","date_gmt":"2014-12-11T18:11:59","guid":{"rendered":"http:\/\/172.16.0.7\/site-antigo\/?p=2440"},"modified":"2024-10-08T09:09:38","modified_gmt":"2024-10-08T12:09:38","slug":"secretario-entrega-ampliacao-da-16-regional-de-saude","status":"publish","type":"post","link":"https:\/\/www.apucarana.pr.gov.br\/site\/secretario-entrega-ampliacao-da-16-regional-de-saude\/","title":{"rendered":"Secret\u00e1rio entrega amplia\u00e7\u00e3o da 16\u00aa Regional de Sa\u00fade"},"content":{"rendered":"<p><p><span style=\"letter-spacing: -0.02em; line-height: 1.45em; background-color: initial;\">Em visita a Apucarana nesta quinta-feira (11), o secret\u00e1rio de Estado da Sa\u00fade, Michele Caputo, inaugurou as obras de reforma e amplia\u00e7\u00e3o do pr\u00e9dio da 16\u00aa Regional de Sa\u00fade. Ao mesmo tempo, o secret\u00e1rio tamb\u00e9m fez a entrega de um micro-&ocirc;nibus para o Hemon\u00facleo de Apucarana, no valor de R$ 208 mil.<\/span><\/p>\n<p>A concorrida solenidade foi prestigiada pelo deputado federal eleito Luciano Ducci, prefeitos, secret\u00e1rios de sa\u00fade e vereadores da microrregi\u00e3o, al\u00e9m de diretores da Secretaria de Estado da Sa\u00fade. <\/p>\n<p>Ao discursar em nome dos demais prefeitos &ndash; Ana L\u00facia Mazetto (Calif\u00f3rnia), Washington Luiz (Kalor\u00e9) e Mois\u00e9s Andrade (Rio Bom) -, como presidente do Cons\u00f3rcio Intermunicipal de Sa\u00fade de Apucarana e regi\u00e3o (Cisvir), Beto Preto saudou o secret\u00e1rio e demais autoridades. Ele tamb\u00e9m prestou agradecimento ao secret\u00e1rio de sa\u00fade, Michele Caputo, enaltecendo as boas parcerias firmadas com o Governo do Estado no &acirc;mbito da sa\u00fade.<\/p>\n<p>&ldquo;Somos parceiros para resolver problemas e propor solu\u00e7\u00f5es, nas horas boas e ruins&rdquo;, ressaltou Beto Preto. O prefeito de Apucarana destacou ainda as obras do Centro de Especialidades M\u00e9dicas do Cisvir, que est\u00e3o em est\u00e1gio adiantado e que devem ficar prontas at\u00e9 agosto.<\/p>\n<p>&ldquo;Nesta primeira etapa s\u00e3o 1.950 metros quadrados, com vinte consult\u00f3rios e isso vai permitir ampliar a oferta de consultas, exames e cirurgias&rdquo;, informou Beto Preto.<\/p>\n<p>A chefe da 16\u00aa RS, Clara Pontes, prestou agradecimento ao Governador Beto Richa pelo investimento viabilizado. &ldquo;S\u00e3o 720 metros de amplia\u00e7\u00e3o, al\u00e9m da implanta\u00e7\u00e3o de elevador, ao custo de R$ 2 milh\u00f5es&rdquo;, assinalou Clara. Ela fez quest\u00e3o de elogiar a pol\u00edtica de redes de aten\u00e7\u00e3o prim\u00e1ria, criada no Governo Richa.<\/p>\n<p>Ao discursar no evento, Michele Caputo agradeceu a &ldquo;valorosa&rdquo; equipe da sa\u00fade p\u00fablica do Estado e teceu elogios ao comando exercido pelo m\u00e9dico H\u00e9lcio Watanabe e agora por Clara Pontes. &ldquo;Aproveito a ocasi\u00e3o para confirmar a perman\u00eancia da Clara, \u00e0 frente da 16\u00aa regional de sa\u00fade&rdquo;, anunciou Caputo.<\/p>\n<p>O secret\u00e1rio teceu elogios \u00e0 conduta do prefeito de Apucarana. &ldquo;O Beto Preto \u00e9 m\u00e9dico e um prefeito respeitado \u00e0 frente do Cisvir e neste momento anuncio de p\u00fablico o atendimento de mais uma reivindica\u00e7\u00e3o sua, no sentido de ampliar os recursos para atendimento de consultas e cirurgias na \u00e1rea de oftalmologia&rdquo;, afirmou Michele Caputo.<\/p>\n<p>Com rela\u00e7\u00e3o \u00e0 redu\u00e7\u00e3o da mortalidade materno-infantil, o secret\u00e1rio destacou o desempenho na \u00e1rea da 16\u00aa RS. &ldquo;Esse resultado \u00e9 digno de elogios pelo conjunto do trabalho desenvolvido por todos os profissionais engajados&rdquo;, concluiu<\/p>\n<p><\/p>\n","protected":false},"excerpt":{"rendered":"<p>Michele Caputo tamb&eacute;m anunciou mais recursos para o Cisvir na &aacute;rea de Oftalmologia<\/p>\n","protected":false},"author":4,"featured_media":0,"comment_status":"closed","ping_status":"closed","sticky":false,"template":"","format":"standard","meta":{"footnotes":""},"categories":[24],"tags":[],"class_list":["post-2440","post","type-post","status-publish","format-standard","hentry","category-noticias"],"acf":[],"_links":{"self":[{"href":"https:\/\/www.apucarana.pr.gov.br\/site\/wp-json\/wp\/v2\/posts\/2440","targetHints":{"allow":["GET"]}}],"collection":[{"href":"https:\/\/www.apucarana.pr.gov.br\/site\/wp-json\/wp\/v2\/posts"}],"about":[{"href":"https:\/\/www.apucarana.pr.gov.br\/site\/wp-json\/wp\/v2\/types\/post"}],"author":[{"embeddable":true,"href":"https:\/\/www.apucarana.pr.gov.br\/site\/wp-json\/wp\/v2\/users\/4"}],"replies":[{"embeddable":true,"href":"https:\/\/www.apucarana.pr.gov.br\/site\/wp-json\/wp\/v2\/comments?post=2440"}],"version-history":[{"count":1,"href":"https:\/\/www.apucarana.pr.gov.br\/site\/wp-json\/wp\/v2\/posts\/2440\/revisions"}],"predecessor-version":[{"id":104439,"href":"https:\/\/www.apucarana.pr.gov.br\/site\/wp-json\/wp\/v2\/posts\/2440\/revisions\/104439"}],"wp:attachment":[{"href":"https:\/\/www.apucarana.pr.gov.br\/site\/wp-json\/wp\/v2\/media?parent=2440"}],"wp:term":[{"taxonomy":"category","embeddable":true,"href":"https:\/\/www.apucarana.pr.gov.br\/site\/wp-json\/wp\/v2\/categories?post=2440"},{"taxonomy":"post_tag","embeddable":true,"href":"https:\/\/www.apucarana.pr.gov.br\/site\/wp-json\/wp\/v2\/tags?post=2440"}],"curies":[{"name":"wp","href":"https:\/\/api.w.org\/{rel}","templated":true}]}}