{"id":2438,"date":"2014-12-11T15:00:59","date_gmt":"2014-12-11T15:00:59","guid":{"rendered":"http:\/\/172.16.0.7\/site-antigo\/?p=2438"},"modified":"2024-10-08T09:09:38","modified_gmt":"2024-10-08T12:09:38","slug":"apucarana-antecipa-13-e-salario-a-servidores-e-injeta-rs12-3-milhoes-na-economia-local","status":"publish","type":"post","link":"https:\/\/www.apucarana.pr.gov.br\/site\/apucarana-antecipa-13-e-salario-a-servidores-e-injeta-rs12-3-milhoes-na-economia-local\/","title":{"rendered":"Apucarana antecipa 13\u00ba e sal\u00e1rio a servidores e injeta R$12,3 milh\u00f5es na economia local"},"content":{"rendered":"<p><p><span style=\"letter-spacing: -0.02em; line-height: 1.45em; background-color: initial;\">Os cerca de 3 mil servidores municipais de Apucarana recebem nesta sexta-feira (12\/12) a segunda parcela do d\u00e9cimo terceiro sal\u00e1rio. A primeira parcela j\u00e1 havia sido paga pela prefeitura no m\u00eas de julho. O valor disponibilizado nesta etapa, ao contr\u00e1rio da primeira que foi integral, vem com os descontos referentes ao Imposto de Renda (IR) e INSS, e soma R$2,8 milh\u00f5es. Outra boa not\u00edcia ao funcionalismo municipal \u00e9 a antecipa\u00e7\u00e3o do pagamento do sal\u00e1rio, f\u00e9rias e do ter\u00e7o de f\u00e9rias referente ao m\u00eas de dezembro, cujos valores ser\u00e3o creditados aos trabalhadores j\u00e1 neste dia 23. Ser\u00e3o mais R$9,5 milh\u00f5es de reais, totalizando R$12,3 milh\u00f5es a serem injetados na economia local antes mesmo do Natal.<br \/><\/span><span style=\"letter-spacing: -0.02em; line-height: 1.45em; background-color: initial;\"><br \/>Os an\u00fancios foram feitos pelo prefeito Beto Preto (PT) nesta quinta-feira (11\/12), em entrevista coletiva realizada no gabinete municipal, que contou ainda com a presen\u00e7a dos secret\u00e1rios municipais Marcello Augusto Machado (Fazenda) e Nicolai Cernescu J\u00fanior (Gest\u00e3o P\u00fablica). Na oportunidade, tamb\u00e9m foi sancionada a lei municipal que concede, pelo segundo ano consecutivo, abono natalino de R$80 a todos os servidores municipais e que ser\u00e1 pago junto ao sal\u00e1rio. <\/p>\n<p>&ldquo;Mais do que uma obriga\u00e7\u00e3o, manter os sal\u00e1rios em dia foi um compromisso que assumi com a categoria antes mesmo de ser prefeito. O que estamos fazendo hoje, com a antecipa\u00e7\u00e3o destas obriga\u00e7\u00f5es, \u00e9 retribuir toda a dedica\u00e7\u00e3o por parte dos trabalhadores, que ao longo de todo este ano fizeram o melhor em prol do desenvolvimento de Apucarana. Com isto, os servidores podem desfrutar melhor do Natal e das festividades de final de ano com suas fam\u00edlias, ou investir no que mais convier a cada um&rdquo;, destacou o prefeito. De acordo com ele, a prefeitura est\u00e1 em dia n\u00e3o s\u00f3 com os sal\u00e1rios. &ldquo;Mas tamb\u00e9m estamos quites com o pagamento de todos os encargos trabalhistas, o que infelizmente n\u00e3o acontecia em um passado recente&rdquo;, lembra.<br \/><\/span><span style=\"letter-spacing: -0.02em; line-height: 1.45em; background-color: initial;\"><br \/>O secret\u00e1rio Municipal da Fazenda, Marcello Augusto Machado, complementou. &ldquo;&Eacute; bom que se diga que tamb\u00e9m estamos rigorosamente em dia com nossos fornecedores, onde seguimos um planejamento&rdquo;, destacou.<br \/><\/span><span style=\"letter-spacing: -0.02em; line-height: 1.45em; background-color: initial;\"><br \/>Ao fazer um balan\u00e7o cont\u00e1bil da gest\u00e3o, Beto relatou que nos 23 meses de gest\u00e3o j\u00e1 foram pagos R$26 milh\u00f5es em d\u00edvidas herdadas. &ldquo;Oitenta por cento delas contra\u00eddas de 2001 a 2008, per\u00edodo que quebrou financeiramente o munic\u00edpio&rdquo;, revelou o prefeito. Segundo ele, o trabalho at\u00e9 o momento \u00e9 de recupera\u00e7\u00e3o. &ldquo;Em 2014 j\u00e1 conseguimos promover mais investimentos em Educa\u00e7\u00e3o, Sa\u00fade e Infraestrutura e essas antecipa\u00e7\u00f5es de pagamentos salariais e de benef\u00edcios est\u00e3o sendo poss\u00edveis gra\u00e7as a um trabalho de economia feito ao longo do ano. O prop\u00f3sito \u00e9 fazer um mandato diferente e temos certeza de que em 2015 poderemos avan\u00e7ar ainda muito mais&rdquo;, afirmou Beto.<br \/><\/span><span style=\"letter-spacing: -0.02em; line-height: 1.45em; background-color: initial;\"><br \/>Com rela\u00e7\u00e3o aos sal\u00e1rios, f\u00e9rias e ter\u00e7o de f\u00e9rias de dezembro, o secret\u00e1rio de Gest\u00e3o P\u00fablica, Nicolai Cernescu J\u00fanior, detalhou que do total de R$9,5 milh\u00f5es, R$4.495.000,00 corresponde \u00e0 Autarquia Municipal de Educa\u00e7\u00e3o (AME); R$2.283.000,00 \u00e0 Prefeitura de Apucarana; R$2.275.000,00 \u00e0 Autarquia Municipal de Sa\u00fade (AMS); e R$48.000,00 ao Instituto de Desenvolvimento, Pesquisa e Planejamento de Apucarana (Idepplan). &ldquo;Lembrando que o pagamento aos servidores da Autarquia dos Servi\u00e7os Funer\u00e1rios de Apucarana (Aserfa) \u00e9 feito pela prefeitura&rdquo;, finalizou.<\/span><\/p><\/p>\n","protected":false},"excerpt":{"rendered":"<p>Os an&uacute;ncios foram feitos pelo prefeito Beto Preto (PT) nesta quinta-feira (11\/12), em entrevista coletiva realizada no gabinete municipal<\/p>\n","protected":false},"author":4,"featured_media":0,"comment_status":"closed","ping_status":"closed","sticky":false,"template":"","format":"standard","meta":{"footnotes":""},"categories":[24],"tags":[],"class_list":["post-2438","post","type-post","status-publish","format-standard","hentry","category-noticias"],"acf":[],"_links":{"self":[{"href":"https:\/\/www.apucarana.pr.gov.br\/site\/wp-json\/wp\/v2\/posts\/2438","targetHints":{"allow":["GET"]}}],"collection":[{"href":"https:\/\/www.apucarana.pr.gov.br\/site\/wp-json\/wp\/v2\/posts"}],"about":[{"href":"https:\/\/www.apucarana.pr.gov.br\/site\/wp-json\/wp\/v2\/types\/post"}],"author":[{"embeddable":true,"href":"https:\/\/www.apucarana.pr.gov.br\/site\/wp-json\/wp\/v2\/users\/4"}],"replies":[{"embeddable":true,"href":"https:\/\/www.apucarana.pr.gov.br\/site\/wp-json\/wp\/v2\/comments?post=2438"}],"version-history":[{"count":1,"href":"https:\/\/www.apucarana.pr.gov.br\/site\/wp-json\/wp\/v2\/posts\/2438\/revisions"}],"predecessor-version":[{"id":104441,"href":"https:\/\/www.apucarana.pr.gov.br\/site\/wp-json\/wp\/v2\/posts\/2438\/revisions\/104441"}],"wp:attachment":[{"href":"https:\/\/www.apucarana.pr.gov.br\/site\/wp-json\/wp\/v2\/media?parent=2438"}],"wp:term":[{"taxonomy":"category","embeddable":true,"href":"https:\/\/www.apucarana.pr.gov.br\/site\/wp-json\/wp\/v2\/categories?post=2438"},{"taxonomy":"post_tag","embeddable":true,"href":"https:\/\/www.apucarana.pr.gov.br\/site\/wp-json\/wp\/v2\/tags?post=2438"}],"curies":[{"name":"wp","href":"https:\/\/api.w.org\/{rel}","templated":true}]}}