{"id":2437,"date":"2014-12-10T18:08:00","date_gmt":"2014-12-10T18:08:00","guid":{"rendered":"http:\/\/172.16.0.7\/site-antigo\/?p=2437"},"modified":"2024-10-08T09:09:38","modified_gmt":"2024-10-08T12:09:38","slug":"campanha-16-dias-de-ativismo-mobiliza-apucarana","status":"publish","type":"post","link":"https:\/\/www.apucarana.pr.gov.br\/site\/campanha-16-dias-de-ativismo-mobiliza-apucarana\/","title":{"rendered":"Campanha &#8220;16 Dias de Ativismo&#8221; mobiliza Apucarana"},"content":{"rendered":"<p><p><span style=\"letter-spacing: -0.02em; line-height: 1.45em; background-color: initial;\">Um encontro tem\u00e1tico realizado na subse\u00e7\u00e3o da Ordem dos Advogados dos Brasil (OAB) marcou hoje (10) o encerramento da extensa programa\u00e7\u00e3o da Campanha &ldquo;16 Dias de <\/span><span style=\"letter-spacing: -0.02em; line-height: 1.45em; background-color: initial;\">Ativismo de Combate a Viol\u00eancia Contra Mulher&rdquo;, desenvolvida pela prefeitura atrav\u00e9s da Secretaria da Mulher e Assuntos da Fam\u00edlia, em parcerias com entidades e institui\u00e7\u00f5es. O evento fez um balan\u00e7o das diversas a\u00e7\u00f5es da campanha realizadas em diversos locais, como Unidades B\u00e1sicas de Sa\u00fade, Centros de Refer\u00eancia da Assist\u00eancia Social (CRAS), Centro da Juventude e entidades sociais.<\/span><\/p>\n<p>As atividades envolveram mesas redondas, oficinas, roda de conversa e palestras com especialistas, abordando temas como o enfrentamento da viol\u00eancia contra a mulher, legisla\u00e7\u00e3o, preven\u00e7\u00e3o e tratamento de doen\u00e7as, entre outros. &ldquo;Nossa mobiliza\u00e7\u00e3o foi intensa nestes 16 dias, mas tratamos os casos de viol\u00eancia contra mulher como uma quest\u00e3o que deve ser lembrada e combatida todos os dias. O enfrentamento deve ser di\u00e1rio e n\u00f3s da Secretaria da Mulher estamos permanentemente com nossos servi\u00e7os disponibilizados para este atendimento&rdquo;, observa a secret\u00e1ria da Mulher e Assuntos da Fam\u00edlia, Denise Machado.<\/p>\n<p>Ainda no evento, alunos da Escola Municipal F\u00e1bio Henrique da Silva, no residencial Garcia, protagonizaram a apresenta\u00e7\u00e3o de uma par\u00f3dia da m\u00fasica &ldquo;Show das Poderosas&rdquo;, levando a mensagem de preven\u00e7\u00e3o da viol\u00eancia contra a mulher. <\/p>\n<p><b>Envolvimento das mulheres rurais <\/b><\/p>\n<p>As atividades desenvolvidas dentro da programa\u00e7\u00e3o da campanha &ldquo;<span>16 Dias de Ativismo de Combate a Viol\u00eancia Contra Mulher&rdquo; em Apucarana ainda envolveram ontem (9) as mulheres rurais. Num evento realizado em parceria pela Secretaria da Mulher e Assuntos da Fam\u00edlia, Emater e Senhoras Rotarianas, moradoras da zona rural da cidade participaram do &ldquo;Ch\u00e1 com Prosa&rdquo; na Casa da Amizade, do Rotary Clube.<\/span><\/p>\n<p>As assistentes sociais da Secretaria da Fam\u00edlia e Assuntos da Fam\u00edlia, Patr\u00edcia Vecchi e Simone Sartori do Santos conduziram a conversa sobre a import&acirc;ncia de romper com o ciclo da viol\u00eancia contra as mulheres. O evento tamb\u00e9m foi marcado pela apresenta\u00e7\u00e3o do coral dos alunos da Escola Municipal Braga Cortes, que cantaram a m\u00fasica &ldquo;Quem Ama Abra\u00e7a&rdquo;, numa refer\u00eancia ao tema da campanha sobre a viol\u00eancia dom\u00e9stica desenvolvida nas escolas.<\/p>\n<p>As mulheres rurais ainda tiveram uma explana\u00e7\u00e3o sobre todos os servi\u00e7os oferecidos na Secretaria da Mulher e Assuntos da Fam\u00edlia. &ldquo;Nossa pasta conta com o Centro de Aten\u00e7\u00e3o a Mulher, o CAM, que cuida da mulher em situa\u00e7\u00e3o de viol\u00eancia, bem como com o Centro de Oficinas da Mulher, com a oferta de cursos de artesanato, de beleza, corte e costura, entre outros. Temos ainda uma equipe multidisciplinar que presta assist\u00eancia psicol\u00f3gica e jur\u00eddica as mulheres e nesta semana inauguramos o &ldquo;Espa\u00e7o Mulher&rdquo;, onde as integrantes do nosso projeto de Economia Solid\u00e1ria e Protagonismo Feminino v\u00e3o expor e comercializar seus produtos artesanais&rdquo;, relacionou a secret\u00e1ria da Mulher e Assuntos da Fam\u00edlia, Denise Machado. &ldquo;Este evento busca a aproxima\u00e7\u00e3o da mulher rural com os servi\u00e7os oferecidos pela Secretaria da Mulher&rdquo;, enfatizou Denise. O evento foi encerrado com um lanche de confraterniza\u00e7\u00e3o. <\/p>\n<p><\/p>\n","protected":false},"excerpt":{"rendered":"<p>Balan&ccedil;o das atividades marcou hoje o encerramento da a&ccedil;&atilde;o municipal visando o combate da viol&ecirc;ncia contra mulher<\/p>\n","protected":false},"author":4,"featured_media":0,"comment_status":"closed","ping_status":"closed","sticky":false,"template":"","format":"standard","meta":{"footnotes":""},"categories":[24],"tags":[],"class_list":["post-2437","post","type-post","status-publish","format-standard","hentry","category-noticias"],"acf":[],"_links":{"self":[{"href":"https:\/\/www.apucarana.pr.gov.br\/site\/wp-json\/wp\/v2\/posts\/2437","targetHints":{"allow":["GET"]}}],"collection":[{"href":"https:\/\/www.apucarana.pr.gov.br\/site\/wp-json\/wp\/v2\/posts"}],"about":[{"href":"https:\/\/www.apucarana.pr.gov.br\/site\/wp-json\/wp\/v2\/types\/post"}],"author":[{"embeddable":true,"href":"https:\/\/www.apucarana.pr.gov.br\/site\/wp-json\/wp\/v2\/users\/4"}],"replies":[{"embeddable":true,"href":"https:\/\/www.apucarana.pr.gov.br\/site\/wp-json\/wp\/v2\/comments?post=2437"}],"version-history":[{"count":1,"href":"https:\/\/www.apucarana.pr.gov.br\/site\/wp-json\/wp\/v2\/posts\/2437\/revisions"}],"predecessor-version":[{"id":104442,"href":"https:\/\/www.apucarana.pr.gov.br\/site\/wp-json\/wp\/v2\/posts\/2437\/revisions\/104442"}],"wp:attachment":[{"href":"https:\/\/www.apucarana.pr.gov.br\/site\/wp-json\/wp\/v2\/media?parent=2437"}],"wp:term":[{"taxonomy":"category","embeddable":true,"href":"https:\/\/www.apucarana.pr.gov.br\/site\/wp-json\/wp\/v2\/categories?post=2437"},{"taxonomy":"post_tag","embeddable":true,"href":"https:\/\/www.apucarana.pr.gov.br\/site\/wp-json\/wp\/v2\/tags?post=2437"}],"curies":[{"name":"wp","href":"https:\/\/api.w.org\/{rel}","templated":true}]}}