{"id":2436,"date":"2014-12-10T16:50:00","date_gmt":"2014-12-10T16:50:00","guid":{"rendered":"http:\/\/172.16.0.7\/site-antigo\/?p=2436"},"modified":"2024-10-08T09:09:38","modified_gmt":"2024-10-08T12:09:38","slug":"samu-regional-recebe-equipamentos-para-treinamento-dos-profissionais","status":"publish","type":"post","link":"https:\/\/www.apucarana.pr.gov.br\/site\/samu-regional-recebe-equipamentos-para-treinamento-dos-profissionais\/","title":{"rendered":"Samu Regional recebe equipamentos para treinamento dos profissionais"},"content":{"rendered":"<\/p>\n<p><span style=\"letter-spacing: -0.02em; line-height: 1.45em; background-color: initial;\">A Regional Centro Norte do Servi\u00e7o de Atendimento M\u00f3vel de Urg\u00eancia (Samu 192), com sede em Apucarana e respons\u00e1vel pelo atendimento dos 17 munic\u00edpios abrangidos pela 16\u00aa Regional de Sa\u00fade do Paran\u00e1, \u00e9 uma das 70 unidades &#8211; de um total de 285 instaladas pelo Brasil &ndash; contempladas com kit de equipamentos pelo Programa de Capacita\u00e7\u00e3o dos Profissionais do Sistema &Uacute;nico de Sa\u00fade em Urg\u00eancias e Emerg\u00eancias. O projeto, de abrang\u00eancia nacional, \u00e9 uma iniciativa do Minist\u00e9rio da Sa\u00fade, atrav\u00e9s do <\/span><span style=\"letter-spacing: -0.02em; line-height: 1.45em; background-color: initial;\">Programa de Apoio ao Desenvolvimento Institucional do Sistema &Uacute;nico de Sa\u00fade (<em>Proadi<\/em>&#8211;<em>SUS), em parceria com <\/em><\/span><span style=\"letter-spacing: -0.02em; line-height: 1.45em; background-color: initial;\">o Hospital Alem\u00e3o Oswaldo Cruz (HAOC), de S\u00e3o Paulo, por interm\u00e9dio do Instituto de Educa\u00e7\u00e3o e Ci\u00eancias.<br \/><\/span><span style=\"letter-spacing: -0.02em; line-height: 1.45em; background-color: initial;\"><br \/>O prefeito Beto Preto (PT) destaca que o objetivo do Governo Federal com o projeto \u00e9 capacitar, em larga escala, os profissionais que prestam atendimento \u00e0s v\u00edtimas atendidas pelo servi\u00e7o m\u00f3vel de urg\u00eancia. &ldquo;S\u00e3o equipamentos simuladores de alta qualidade, que v\u00e3o contribuir para que nossos profissionais estejam sempre preparados para agir nas situa\u00e7\u00f5es reais que atendem diariamente em Apucarana e toda a regi\u00e3o&rdquo;, pontuou o prefeito.<br \/><\/span><span style=\"letter-spacing: -0.02em; line-height: 1.45em; background-color: initial;\"><br \/>O kit, doado ao Samu Regional pela iniciativa federal, foi repassado por interm\u00e9dio da Autarquia Municipal de Sa\u00fade (AMS), e \u00e9 composto por manequins simuladores de ressuscita\u00e7\u00e3o adulto e beb\u00ea, cabe\u00e7as de entuba\u00e7\u00e3o adulto e beb\u00ea, manequim simulador de parto, projetor data-show e um CD instrutivo sobre manuseio e boas pr\u00e1ticas dos equipamentos. O investimento na aquisi\u00e7\u00e3o do kit, repassado gratuitamente ao munic\u00edpio, foi de R$23.245,70. &ldquo;Temos esta conquista como um reconhecimento do Minist\u00e9rio da Sa\u00fade para com a atua\u00e7\u00e3o do nosso Samu Regional. Em um universo de 285 unidades, apenas 70 foram contempladas, e n\u00f3s estamos entre elas. Fica a certeza de que os trabalhos est\u00e3o sendo bem conduzidos por todos de nossa equipe&rdquo;, comemorou Miqu\u00e9ias Romagnolo, coordenador de enfermagem do Samu Regional Centro Norte.<br \/><\/span><span style=\"letter-spacing: -0.02em; line-height: 1.45em; background-color: initial;\"><br \/>At\u00e9 ent\u00e3o, a unidade n\u00e3o dispunha dos equipamentos. &ldquo;Os treinamentos realizados at\u00e9 hoje eram feitos com kits emprestados do pr\u00f3prio Hospital Alem\u00e3o Oswaldo Cruz&rdquo;, relata.<br \/><\/span><span style=\"letter-spacing: -0.02em; line-height: 1.45em; background-color: initial;\"><br \/>Atualmente, dentro do Programa de Capacita\u00e7\u00e3o dos Profissionais do Sistema &Uacute;nico de Sa\u00fade em Urg\u00eancias e Emerg\u00eancias, j\u00e1 h\u00e1 na regional um curso em andamento para profissionais do suporte avan\u00e7ado (enfermeiros e m\u00e9dicos) e, em fevereiro, no Centro da Juventude de Apucarana, ter\u00e1 in\u00edcio nova turma para equipes do suporte b\u00e1sico (condutores e t\u00e9cnicos de enfermagem).<br \/><\/span><span style=\"letter-spacing: -0.02em; line-height: 1.45em; background-color: initial;\"><br \/>Sediado em Apucarana, a Regional Centro Norte do Samu \u00e9 respons\u00e1vel pelo atendimento dos 17 munic\u00edpios de abrang\u00eancia da 16\u00aa Regional de Sa\u00fade do Paran\u00e1 e conta com bases fixas em Arapongas, Jandaia do Sul e Faxinal. S\u00e3o cerca de 100 profissionais, entre equipes administrativas, condutores, telefonistas\/radio-operadores, t\u00e9cnicos em enfermagem, enfermeiros e m\u00e9dicos.<br \/><\/span><span style=\"letter-spacing: -0.02em; line-height: 1.45em; background-color: initial;\"><br \/>Mensalmente, a Regional regula em m\u00e9dia 3 mil chamadas pelo telefone 192. &ldquo;Deste total, cerca de 1,5 mil envolvem atendimento direto, com envio de nossas unidades, seja b\u00e1sica ou avan\u00e7ada&rdquo;, informa Miqu\u00e9ias. Hoje o sistema conta com seis ambul&acirc;ncias de suporte b\u00e1sico e duas de suporte avan\u00e7ado. &ldquo;Nossa regional tamb\u00e9m \u00e9 atendida pelo apoio a\u00e9reo, baseado em Londrina. Inclusive todas as segundas-feiras um de nossos m\u00e9dicos cumpre plant\u00e3o na modalidade&rdquo;, finaliza o coordenador de enfermagem do Samu.<br \/><\/span><span style=\"letter-spacing: -0.02em; line-height: 1.45em; background-color: initial;\"><br \/>Acionado pelo telefone 192, o Samu tem como principal foco prover atendimento pr\u00e9-hospitalar \u00e0 popula\u00e7\u00e3o. As liga\u00e7\u00f5es s\u00e3o atendidas por telefonistas que anotam dados do local da demanda, <\/span><a href=\"http:\/\/pt.wikipedia.org\/wiki\/Emerg%C3%AAncia_m%C3%A9dica\" style=\"letter-spacing: -0.02em; line-height: 1.45em; background-color: initial;\">emerg\u00eancia m\u00e9dica<\/a><span style=\"letter-spacing: -0.02em; line-height: 1.45em; background-color: initial;\"> ou <\/span><a href=\"http:\/\/pt.wikipedia.org\/wiki\/Acidente\" style=\"letter-spacing: -0.02em; line-height: 1.45em; background-color: initial;\">acidente<\/a><span style=\"letter-spacing: -0.02em; line-height: 1.45em; background-color: initial;\">. Toda liga\u00e7\u00e3o \u00e9 gravada. O caso ent\u00e3o \u00e9 passado ao m\u00e9dico que faz a <\/span><a href=\"http:\/\/pt.wikipedia.org\/wiki\/Regula%C3%A7%C3%A3o_m%C3%A9dica_das_urg%C3%AAncias\" style=\"letter-spacing: -0.02em; line-height: 1.45em; background-color: initial;\">regula\u00e7\u00e3o m\u00e9dica<\/a><span style=\"letter-spacing: -0.02em; line-height: 1.45em; background-color: initial;\"> e este presta orienta\u00e7\u00f5es relativas aos <\/span><a href=\"http:\/\/pt.wikipedia.org\/wiki\/Primeiros_socorros\" style=\"letter-spacing: -0.02em; line-height: 1.45em; background-color: initial;\">primeiros socorros<\/a><span style=\"letter-spacing: -0.02em; line-height: 1.45em; background-color: initial;\"> e decide o tipo de ambul&acirc;ncia a ser enviada, como as unidades de suporte avan\u00e7ado (UTIs M\u00f3veis), usadas em casos mais graves, ou unidades de suporte b\u00e1sico (composta por um condutor e um t\u00e9cnico de enfermagem).<\/span><\/p>\n<p><\/p>\n","protected":false},"excerpt":{"rendered":"<p>O kit, doado ao Samu Regional pela iniciativa federal, foi repassado por interm&eacute;dio da Autarquia Municipal de Sa&uacute;de (AMS), e &eacute; composto por manequins simuladores <\/p>\n","protected":false},"author":4,"featured_media":0,"comment_status":"closed","ping_status":"closed","sticky":false,"template":"","format":"standard","meta":{"footnotes":""},"categories":[24],"tags":[],"class_list":["post-2436","post","type-post","status-publish","format-standard","hentry","category-noticias"],"acf":[],"_links":{"self":[{"href":"https:\/\/www.apucarana.pr.gov.br\/site\/wp-json\/wp\/v2\/posts\/2436","targetHints":{"allow":["GET"]}}],"collection":[{"href":"https:\/\/www.apucarana.pr.gov.br\/site\/wp-json\/wp\/v2\/posts"}],"about":[{"href":"https:\/\/www.apucarana.pr.gov.br\/site\/wp-json\/wp\/v2\/types\/post"}],"author":[{"embeddable":true,"href":"https:\/\/www.apucarana.pr.gov.br\/site\/wp-json\/wp\/v2\/users\/4"}],"replies":[{"embeddable":true,"href":"https:\/\/www.apucarana.pr.gov.br\/site\/wp-json\/wp\/v2\/comments?post=2436"}],"version-history":[{"count":1,"href":"https:\/\/www.apucarana.pr.gov.br\/site\/wp-json\/wp\/v2\/posts\/2436\/revisions"}],"predecessor-version":[{"id":104443,"href":"https:\/\/www.apucarana.pr.gov.br\/site\/wp-json\/wp\/v2\/posts\/2436\/revisions\/104443"}],"wp:attachment":[{"href":"https:\/\/www.apucarana.pr.gov.br\/site\/wp-json\/wp\/v2\/media?parent=2436"}],"wp:term":[{"taxonomy":"category","embeddable":true,"href":"https:\/\/www.apucarana.pr.gov.br\/site\/wp-json\/wp\/v2\/categories?post=2436"},{"taxonomy":"post_tag","embeddable":true,"href":"https:\/\/www.apucarana.pr.gov.br\/site\/wp-json\/wp\/v2\/tags?post=2436"}],"curies":[{"name":"wp","href":"https:\/\/api.w.org\/{rel}","templated":true}]}}