{"id":2435,"date":"2014-12-10T11:57:59","date_gmt":"2014-12-10T11:57:59","guid":{"rendered":"http:\/\/172.16.0.7\/site-antigo\/?p=2435"},"modified":"2024-10-08T09:09:38","modified_gmt":"2024-10-08T12:09:38","slug":"sebrae-inaugura-novo-escritorio-em-apucarana","status":"publish","type":"post","link":"https:\/\/www.apucarana.pr.gov.br\/site\/sebrae-inaugura-novo-escritorio-em-apucarana\/","title":{"rendered":"Sebrae inaugura novo escrit\u00f3rio em Apucarana"},"content":{"rendered":"<\/p>\n<p>A nova sede do escrit\u00f3rio regional do Sebrae, que est\u00e1 sendo considerada uma das melhores estruturas no Paran\u00e1, foi inaugurada nesta quarta-feira (10\/12). O espa\u00e7o, localizado na Avenida Irati (em frente ao Gin\u00e1sio Lago\u00e3o), <span>proporcionar\u00e1 maior funcionalidade e comodidade no atendimento de micro e pequenos empres\u00e1rios. O Sebrae de Apucarana abrange 17 munic\u00edpios da regi\u00e3o e atende de 3 a 4 mil empreendedores.<\/span><\/p>\n<p>A cerim&ocirc;nia de inaugura\u00e7\u00e3o contou com a presen\u00e7a do prefeito de Apucarana, Beto Preto, de Jo\u00e3o Paulo Koslovski, presidente do Conselho Deliberativo do Sebrae-PR, de Vitor Roberto Tioqueta, diretor-superintendente do Sebrae-PR, Heverson Feliciano, gerente regional do Sebrae no Norte do Paran\u00e1, Jonas Bert\u00e3o, presidente da Federa\u00e7\u00e3o das Associa\u00e7\u00f5es de Micro e Pequenas Empresas (Fampepar) e Junior Serea, presidente da Associa\u00e7\u00e3o Comercial, Industrial e de Servi\u00e7os de Apucarana (Acia).<\/p>\n<p>O prefeito de Apucarana destacou a import&acirc;ncia do Sebrae, tanto para \u00f3rg\u00e3os p\u00fablicos como para micro e pequenos empreendedores. &ldquo;Os gestores p\u00fablicos s\u00e3o parceiros e necessitam do conhecimento do Sebrae. O mesmo acontece com os neg\u00f3cios que est\u00e3o come\u00e7ando ou buscando a sustentabilidade&rdquo;, frisa. <\/p>\n<p>Beto Preto afirma ainda que, com a elevada carga tribut\u00e1ria, muitas empresas correm o risco de sucumbir. &ldquo;Mas o Sebrae est\u00e1 a\u00ed para mostrar caminhos e para abrir portas. Apucarana tem uma economia diversificada e bastante baseada nas pequenas iniciativas. Por isso, precisamos muito do Sebrae, que \u00e9 a casa do pequeno empreendedor&rdquo;, refor\u00e7a Beto Preto. <\/p>\n<p>O presidente do Conselho Deliberativo do Sebrae-PR salienta que Apucarana \u00e9 uma cidade-polo, com grande potencial de crescimento. &ldquo;&Eacute; uma economia que merece ter a sustenta\u00e7\u00e3o das atividades do Sebrae, para levar os ensinamentos para um grande grupo de pessoas e socializando as informa\u00e7\u00f5es&rdquo;, frisa Koslovski, lembrando que o Sebrae tem 18 escrit\u00f3rios no Estado e a unidade de Apucarana que foi inaugurada \u00e9 uma das mais bem estruturadas do Paran\u00e1. <\/p>\n<p>Koslovski afirma que<span> o novo espa\u00e7o dinamizar\u00e1 ainda mais o trabalho do Sebrae, ajudando no est\u00edmulo aos pequenos neg\u00f3cios e na gera\u00e7\u00e3o de empregos e de renda. De acordo com ele, 30% do PIB brasileiro v\u00eam das micro e pequenas empresas, mas ainda falta no Pa\u00eds a consolida\u00e7\u00e3o de uma cultura empreendedora. &ldquo;Nos Estados Unidos, de quatro pessoas que est\u00e3o na universidade tr\u00eas querem ser empreendedoras. Precisamos incutir isso nos jovens brasileiros, incentivando-os a investir no processo de ser empres\u00e1rio, de ser empreendedor&rdquo;, avalia. <\/span><\/p>\n<p>O diretor-superintendente do Sebrae no Paran\u00e1, Vitor Roberto Tioqueta, lembra que o Sebrae se instalou em Apucarana em 1993, inicialmente como ponto de atendimento, e atualmente ocupava duas salas no Edif\u00edcio Pal\u00e1cio do Com\u00e9rcio, cedidas pela Acia e que abrigavam o escrit\u00f3rio regional. &ldquo;Estamos instalados em Apucarana h\u00e1 mais de 20 anos e a Acia muito bem nos atendeu. Por\u00e9m, a demanda, os eventos e o n\u00famero de empres\u00e1rios aumentaram e houve a necessidade de ampliar nossa estrutura&rdquo;, contextualiza. <\/p>\n<p>Tioqueta tamb\u00e9m fez a apresenta\u00e7\u00e3o dos cinco funcion\u00e1rios que trabalham no escrit\u00f3rio &ndash; dois consultores, dois assistentes e um estagi\u00e1rio. O pr\u00e9dio, com cerca de 500 m<sup>2<\/sup>, \u00e9 locado e foi totalmente adaptado \u00e0s necessidades do Sebrae, com ampla \u00e1rea para atendimento, duas salas para consultorias personalizadas, sala de treinamento com capacidade para 50 pessoas e audit\u00f3rio que comporta at\u00e9 120 empreendedores sentados. Al\u00e9m disso, o escrit\u00f3rio, agora localizado em loja t\u00e9rrea, facilitar\u00e1 o acesso dos clientes e parceiros \u00e0s instala\u00e7\u00f5es, ao mesmo tempo que refor\u00e7a e amplia a visibilidade da marca. <span><\/span><\/p>\n<p><\/p>\n","protected":false},"excerpt":{"rendered":"<p>O pr&eacute;dio, com cerca de 500 metros quadrados, foi totalmente adaptado e fica na Avenida Irati<\/p>\n","protected":false},"author":4,"featured_media":0,"comment_status":"closed","ping_status":"closed","sticky":false,"template":"","format":"standard","meta":{"footnotes":""},"categories":[24],"tags":[],"class_list":["post-2435","post","type-post","status-publish","format-standard","hentry","category-noticias"],"acf":[],"_links":{"self":[{"href":"https:\/\/www.apucarana.pr.gov.br\/site\/wp-json\/wp\/v2\/posts\/2435","targetHints":{"allow":["GET"]}}],"collection":[{"href":"https:\/\/www.apucarana.pr.gov.br\/site\/wp-json\/wp\/v2\/posts"}],"about":[{"href":"https:\/\/www.apucarana.pr.gov.br\/site\/wp-json\/wp\/v2\/types\/post"}],"author":[{"embeddable":true,"href":"https:\/\/www.apucarana.pr.gov.br\/site\/wp-json\/wp\/v2\/users\/4"}],"replies":[{"embeddable":true,"href":"https:\/\/www.apucarana.pr.gov.br\/site\/wp-json\/wp\/v2\/comments?post=2435"}],"version-history":[{"count":1,"href":"https:\/\/www.apucarana.pr.gov.br\/site\/wp-json\/wp\/v2\/posts\/2435\/revisions"}],"predecessor-version":[{"id":104444,"href":"https:\/\/www.apucarana.pr.gov.br\/site\/wp-json\/wp\/v2\/posts\/2435\/revisions\/104444"}],"wp:attachment":[{"href":"https:\/\/www.apucarana.pr.gov.br\/site\/wp-json\/wp\/v2\/media?parent=2435"}],"wp:term":[{"taxonomy":"category","embeddable":true,"href":"https:\/\/www.apucarana.pr.gov.br\/site\/wp-json\/wp\/v2\/categories?post=2435"},{"taxonomy":"post_tag","embeddable":true,"href":"https:\/\/www.apucarana.pr.gov.br\/site\/wp-json\/wp\/v2\/tags?post=2435"}],"curies":[{"name":"wp","href":"https:\/\/api.w.org\/{rel}","templated":true}]}}