{"id":2434,"date":"2014-12-09T18:04:59","date_gmt":"2014-12-09T18:04:59","guid":{"rendered":"http:\/\/172.16.0.7\/site-antigo\/?p=2434"},"modified":"2024-10-08T09:09:38","modified_gmt":"2024-10-08T12:09:38","slug":"prefeitura-inaugura-espaco-mulher","status":"publish","type":"post","link":"https:\/\/www.apucarana.pr.gov.br\/site\/prefeitura-inaugura-espaco-mulher\/","title":{"rendered":"Prefeitura inaugura &#8220;Espa\u00e7o Mulher&#8221;"},"content":{"rendered":"<p><p><span style=\"letter-spacing: -0.02em; line-height: 1.45em; background-color: initial;\">A prefeitura de Apucarana, atrav\u00e9s da Secretaria da Mulher e Assuntos da Fam\u00edlia, passa a disponibilizar mais um novo servi\u00e7o \u00e0 comunidade. Foi inaugurado ontem (8) o &ldquo;Espa\u00e7o Mulher&rdquo;, onde ser\u00e1 exposta e comercializada a produ\u00e7\u00e3o artesanal dos empreendimentos que constituem o Projeto de Economia Solid\u00e1ria e Protagonismo Feminino de Apucarana, uma iniciativa que visa \u00e0 gera\u00e7\u00e3o de renda, autonomia financeira e o empoderamento da Mulher.<\/span><\/p>\n<p>Criado h\u00e1 nove meses, o projeto j\u00e1 atraiu cerca de 70 participantes protagonistas de 23 empreendimentos de economia solid\u00e1ria nas \u00e1reas de gastronomia, artesanato, confec\u00e7\u00e3o, produtos sustent\u00e1veis e plantas medicinais. &ldquo;A partir de hoje o Projeto Economia Solid\u00e1ria tem um ponto de refer\u00eancia, uma sede, onde os apucaranenses podem vir conhecer e adquirir os produtos, fomentando o neg\u00f3cio desse grupo de mulheres empreendedoras. Esperamos em breve transferir essa sede para um local ainda maior j\u00e1 que a nossa perspectiva \u00e9 envolver 300 mulheres neste projeto at\u00e9 o final do mandato&rdquo;, disse o prefeito Beto Preto.<\/p>\n<p>Al\u00e9m de um ponto comercial, o &ldquo;Espa\u00e7o Mulher&rdquo; vai concentrar as atividades referentes ao desenvolvimento do projeto como oficinas de sensibiliza\u00e7\u00e3o e capacita\u00e7\u00e3o. &ldquo;As atuais 70 integrantes do projeto j\u00e1 passaram por v\u00e1rios m\u00f3dulos de capacita\u00e7\u00e3o. Foram dezenas de reuni\u00f5es, incluindo encontros de qualifica\u00e7\u00e3o sobre &lsquo;T\u00e9cnica em Boas Pr\u00e1ticas de Manipula\u00e7\u00e3o de Alimentos&rsquo; e de &lsquo;Administra\u00e7\u00e3o do Empreendimento Solid\u00e1rio&rsquo;&rdquo;, observa a supervisora do Projeto Economia Solid\u00e1ria e Protagonismo Feminino, Terezinha Elizabete Berton Pereira (Bete Berton).<\/p>\n<p>A secret\u00e1ria da Mulher e Assuntos da Fam\u00edlia, Denise Machado, destaca o &ldquo;Espa\u00e7o Mulher&rdquo; como a concretiza\u00e7\u00e3o de mais um servi\u00e7o ofertado por sua pasta. &ldquo;Prestamos atendimento \u00e0s mulheres em situa\u00e7\u00e3o de risco, possibilidade de qualifica\u00e7\u00e3o atrav\u00e9s de v\u00e1rios cursos e oficinas, al\u00e9m de acompanhamento psicol\u00f3gico e jur\u00eddico. Agora estamos com este novo projeto voltado a criar oportunidades para mulheres empreendedoras ter seu pr\u00f3prio neg\u00f3cio e obter a independ\u00eancia financeira&rdquo;, relaciona Denise.<\/p>\n<p>A ades\u00e3o das mulheres ao projeto Economia Solid\u00e1ria continua aberta. O &ldquo;Espa\u00e7o Mulher&rdquo; est\u00e1 localizado na Rua Osvaldo Cruz 432, ao lado da Casa da Gestante. <\/p>\n<p><\/p>\n","protected":false},"excerpt":{"rendered":"<p>No local ser&aacute; exposta e comercializada a produ&ccedil;&atilde;o artesanal dos empreendimentos que constituem o Projeto de Economia Solid&aacute;ria e Protagonismo Feminino <\/p>\n","protected":false},"author":4,"featured_media":0,"comment_status":"closed","ping_status":"closed","sticky":false,"template":"","format":"standard","meta":{"footnotes":""},"categories":[24],"tags":[],"class_list":["post-2434","post","type-post","status-publish","format-standard","hentry","category-noticias"],"acf":[],"_links":{"self":[{"href":"https:\/\/www.apucarana.pr.gov.br\/site\/wp-json\/wp\/v2\/posts\/2434","targetHints":{"allow":["GET"]}}],"collection":[{"href":"https:\/\/www.apucarana.pr.gov.br\/site\/wp-json\/wp\/v2\/posts"}],"about":[{"href":"https:\/\/www.apucarana.pr.gov.br\/site\/wp-json\/wp\/v2\/types\/post"}],"author":[{"embeddable":true,"href":"https:\/\/www.apucarana.pr.gov.br\/site\/wp-json\/wp\/v2\/users\/4"}],"replies":[{"embeddable":true,"href":"https:\/\/www.apucarana.pr.gov.br\/site\/wp-json\/wp\/v2\/comments?post=2434"}],"version-history":[{"count":1,"href":"https:\/\/www.apucarana.pr.gov.br\/site\/wp-json\/wp\/v2\/posts\/2434\/revisions"}],"predecessor-version":[{"id":104445,"href":"https:\/\/www.apucarana.pr.gov.br\/site\/wp-json\/wp\/v2\/posts\/2434\/revisions\/104445"}],"wp:attachment":[{"href":"https:\/\/www.apucarana.pr.gov.br\/site\/wp-json\/wp\/v2\/media?parent=2434"}],"wp:term":[{"taxonomy":"category","embeddable":true,"href":"https:\/\/www.apucarana.pr.gov.br\/site\/wp-json\/wp\/v2\/categories?post=2434"},{"taxonomy":"post_tag","embeddable":true,"href":"https:\/\/www.apucarana.pr.gov.br\/site\/wp-json\/wp\/v2\/tags?post=2434"}],"curies":[{"name":"wp","href":"https:\/\/api.w.org\/{rel}","templated":true}]}}