{"id":2433,"date":"2014-12-09T17:51:00","date_gmt":"2014-12-09T17:51:00","guid":{"rendered":"http:\/\/172.16.0.7\/site-antigo\/?p=2433"},"modified":"2024-10-08T09:09:38","modified_gmt":"2024-10-08T12:09:38","slug":"conselho-municipal-de-educacao-e-criado-em-apucarana","status":"publish","type":"post","link":"https:\/\/www.apucarana.pr.gov.br\/site\/conselho-municipal-de-educacao-e-criado-em-apucarana\/","title":{"rendered":"Conselho Municipal de Educa\u00e7\u00e3o \u00e9 criado em Apucarana"},"content":{"rendered":"<p><p><b><u>Conselho Municipal de Educa\u00e7\u00e3o \u00e9 criado em Apucarana<\/u><\/b><\/p>\n<p><b><u><\/u><\/b><\/p>\n<p>O prefeito Beto Preto sancionou na manh\u00e3 desta ter\u00e7a-feira (09\/12), em seu gabinete, dois importantes projetos para a educa\u00e7\u00e3o apucaranense: a lei n\u00ba 148\/2014, que delibera sobre os conselhos escolares das unidades de ensino da rede municipal, e a lei n\u00ba 149\/2014, que institui o Conselho Municipal de Educa\u00e7\u00e3o (CME). Ambos os textos j\u00e1 haviam passado pela aprecia\u00e7\u00e3o da C&acirc;mara de Vereadores.<\/p>\n<p>Os conselhos escolares, segundo explica a diretora-presidente da Autarquia de Educa\u00e7\u00e3o (AME), professora Marli Regina Fernandes da Silva, s\u00e3o \u00f3rg\u00e3os constitu\u00eddos por representantes de pais, professores, funcion\u00e1rios e da sociedade, cuja compet\u00eancia \u00e9 atuar articuladamente com a dire\u00e7\u00e3o escolar e com as APMFs no processo de gest\u00e3o pedag\u00f3gica, administrativa e financeira das institui\u00e7\u00f5es. <\/p>\n<p>&ldquo;Esses conselhos j\u00e1 existiam na rede municipal de educa\u00e7\u00e3o, mas n\u00e3o eram regulamentados por estatuto pr\u00f3prio. Com a nova lei, entretanto, eles passar\u00e3o a ser mais democr\u00e1ticos e atuantes a partir de 2015&rdquo;, explicou Marli. <\/p>\n<p>Enquanto os conselhos escolares devem se dedicar \u00e0 discuss\u00e3o dos problemas e prioridades e \u00e0 fiscaliza\u00e7\u00e3o da aplica\u00e7\u00e3o dos recursos recebidos por cada uma das 36 escolas e 21 centros de educa\u00e7\u00e3o infantil (CMEIs) da AME, o Conselho Municipal de Educa\u00e7\u00e3o, por sua vez, ter\u00e1 como meta definir os objetivos e acompanhar a constru\u00e7\u00e3o e execu\u00e7\u00e3o do Plano Municipal de Educa\u00e7\u00e3o, para a melhoria do ensino ofertado na cidade. Membros de toda a sociedade civil organizada poder\u00e3o integrar o CME.<\/p>\n<p> De acordo com o prefeito Beto Preto, tanto a estrutura\u00e7\u00e3o dos conselhos escolares como a cria\u00e7\u00e3o do Conselho Municipal de Educa\u00e7\u00e3o s\u00e3o medidas que garantem grande avan\u00e7o para a \u00e1rea educacional. &ldquo;Pois eles s\u00e3o espa\u00e7os para se partilhar ideias e defender opini\u00f5es, al\u00e9m de constitu\u00edrem-se nos principais canais de participa\u00e7\u00e3o do cidad\u00e3o nos assuntos da cidade&rdquo;, afirmou. <\/p>\n","protected":false},"excerpt":{"rendered":"<p>O Conselho Municipal de Educa&ccedil;&atilde;o ter&aacute; como meta definir os objetivos e acompanhar a constru&ccedil;&atilde;o e execu&ccedil;&atilde;o do Plano Municipal de Educa&ccedil;&atilde;o. <\/p>\n","protected":false},"author":4,"featured_media":0,"comment_status":"closed","ping_status":"closed","sticky":false,"template":"","format":"standard","meta":{"footnotes":""},"categories":[24],"tags":[],"class_list":["post-2433","post","type-post","status-publish","format-standard","hentry","category-noticias"],"acf":[],"_links":{"self":[{"href":"https:\/\/www.apucarana.pr.gov.br\/site\/wp-json\/wp\/v2\/posts\/2433","targetHints":{"allow":["GET"]}}],"collection":[{"href":"https:\/\/www.apucarana.pr.gov.br\/site\/wp-json\/wp\/v2\/posts"}],"about":[{"href":"https:\/\/www.apucarana.pr.gov.br\/site\/wp-json\/wp\/v2\/types\/post"}],"author":[{"embeddable":true,"href":"https:\/\/www.apucarana.pr.gov.br\/site\/wp-json\/wp\/v2\/users\/4"}],"replies":[{"embeddable":true,"href":"https:\/\/www.apucarana.pr.gov.br\/site\/wp-json\/wp\/v2\/comments?post=2433"}],"version-history":[{"count":1,"href":"https:\/\/www.apucarana.pr.gov.br\/site\/wp-json\/wp\/v2\/posts\/2433\/revisions"}],"predecessor-version":[{"id":104447,"href":"https:\/\/www.apucarana.pr.gov.br\/site\/wp-json\/wp\/v2\/posts\/2433\/revisions\/104447"}],"wp:attachment":[{"href":"https:\/\/www.apucarana.pr.gov.br\/site\/wp-json\/wp\/v2\/media?parent=2433"}],"wp:term":[{"taxonomy":"category","embeddable":true,"href":"https:\/\/www.apucarana.pr.gov.br\/site\/wp-json\/wp\/v2\/categories?post=2433"},{"taxonomy":"post_tag","embeddable":true,"href":"https:\/\/www.apucarana.pr.gov.br\/site\/wp-json\/wp\/v2\/tags?post=2433"}],"curies":[{"name":"wp","href":"https:\/\/api.w.org\/{rel}","templated":true}]}}