{"id":2431,"date":"2014-12-09T16:52:59","date_gmt":"2014-12-09T16:52:59","guid":{"rendered":"http:\/\/172.16.0.7\/site-antigo\/?p=2431"},"modified":"2024-10-08T09:09:38","modified_gmt":"2024-10-08T12:09:38","slug":"empresarios-pedem-melhorias-no-distrito-industrial-sul","status":"publish","type":"post","link":"https:\/\/www.apucarana.pr.gov.br\/site\/empresarios-pedem-melhorias-no-distrito-industrial-sul\/","title":{"rendered":"Empres\u00e1rios pedem melhorias no Distrito Industrial Sul"},"content":{"rendered":"<p><p><span style=\"letter-spacing: -0.02em; line-height: 1.45em; background-color: initial;\">Representantes da Associa\u00e7\u00e3o Empresarial do Distrito Industrial Sul de Apucarana estiveram reunidos nesta ter\u00e7a-feira (09\/12) com o prefeito de Apucarana, Beto Preto. A comitiva solicitou melhorias no prolongamento da Rua Cristiano Kussmaul com a Estrada Sebasti\u00e3o Piassa, no acesso \u00e0 Rodovia BR 376, e que faz a liga\u00e7\u00e3o com o Munic\u00edpio do Rio Bom.<br \/><\/span><span style=\"letter-spacing: -0.02em; line-height: 1.45em; background-color: initial;\"><br \/>Estiveram presentes no encontro empres\u00e1rios da FW Couros, Guiplast, KPS Industrial, Sab\u00e3o Alpes, Apucarana Leather, Petraqu\u00edmica, Grupo Dicatex, Betbi, Alian\u00e7a Qu\u00edmica, Grupo Amora, Bonanza e Ponto e Cor Lavanderia. &ldquo;S\u00e3o empres\u00e1rios que fazem parte da associa\u00e7\u00e3o e que t\u00eam empreendimentos localizados nesta regi\u00e3o da cidade. Eles vieram pedir melhorias emergenciais, especialmente neste acesso&rdquo;, explica Beto Preto.<br \/><\/span><span style=\"letter-spacing: -0.02em; line-height: 1.45em; background-color: initial;\"><br \/>O prefeito de Apucarana se comprometeu a entrar em contato com o Departamento de Estradas de Rodagem ( DER) e com a Concession\u00e1ria Rodonorte, apresentando a reivindica\u00e7\u00e3o dos empres\u00e1rios. &ldquo;A nossa inten\u00e7\u00e3o \u00e9 viabilizar, com a anu\u00eancia destes \u00f3rg\u00e3os, interven\u00e7\u00f5es no local, como a implanta\u00e7\u00e3o de um conjunto de sem\u00e1foros&rdquo;, detalha Beto Preto.<br \/><\/span><span style=\"letter-spacing: -0.02em; line-height: 1.45em; background-color: initial;\"><br \/>A Associa\u00e7\u00e3o Empresarial do Distrito Industrial Sul de Apucarana, criada em outubro deste ano, tem na presid\u00eancia o empres\u00e1rio Adan Lenharo, e como vice-presidente, o empres\u00e1rio Umberto Cili\u00e3o Sacchelli. &ldquo;O objetivo da associa\u00e7\u00e3o \u00e9 unir os empres\u00e1rios em busca do atendimento de reivindica\u00e7\u00f5es e de melhorias para os empreendimentos localizados nesta regi\u00e3o da cidade&rdquo;, ressalta o empres\u00e1rio Adan Lenharo.<\/span><\/p><\/p>\n","protected":false},"excerpt":{"rendered":"<p>O prefeito de Apucarana se comprometeu a entrar em contato com o Departamento de Estradas de Rodagem ( DER) e com a Concession&aacute;ria Rodonorte, apresentando a reivindica&ccedil;&atilde;o dos empres&aacute;rios<\/p>\n","protected":false},"author":4,"featured_media":0,"comment_status":"closed","ping_status":"closed","sticky":false,"template":"","format":"standard","meta":{"footnotes":""},"categories":[24],"tags":[],"class_list":["post-2431","post","type-post","status-publish","format-standard","hentry","category-noticias"],"acf":[],"_links":{"self":[{"href":"https:\/\/www.apucarana.pr.gov.br\/site\/wp-json\/wp\/v2\/posts\/2431","targetHints":{"allow":["GET"]}}],"collection":[{"href":"https:\/\/www.apucarana.pr.gov.br\/site\/wp-json\/wp\/v2\/posts"}],"about":[{"href":"https:\/\/www.apucarana.pr.gov.br\/site\/wp-json\/wp\/v2\/types\/post"}],"author":[{"embeddable":true,"href":"https:\/\/www.apucarana.pr.gov.br\/site\/wp-json\/wp\/v2\/users\/4"}],"replies":[{"embeddable":true,"href":"https:\/\/www.apucarana.pr.gov.br\/site\/wp-json\/wp\/v2\/comments?post=2431"}],"version-history":[{"count":1,"href":"https:\/\/www.apucarana.pr.gov.br\/site\/wp-json\/wp\/v2\/posts\/2431\/revisions"}],"predecessor-version":[{"id":104449,"href":"https:\/\/www.apucarana.pr.gov.br\/site\/wp-json\/wp\/v2\/posts\/2431\/revisions\/104449"}],"wp:attachment":[{"href":"https:\/\/www.apucarana.pr.gov.br\/site\/wp-json\/wp\/v2\/media?parent=2431"}],"wp:term":[{"taxonomy":"category","embeddable":true,"href":"https:\/\/www.apucarana.pr.gov.br\/site\/wp-json\/wp\/v2\/categories?post=2431"},{"taxonomy":"post_tag","embeddable":true,"href":"https:\/\/www.apucarana.pr.gov.br\/site\/wp-json\/wp\/v2\/tags?post=2431"}],"curies":[{"name":"wp","href":"https:\/\/api.w.org\/{rel}","templated":true}]}}