{"id":2430,"date":"2014-12-09T17:37:59","date_gmt":"2014-12-09T17:37:59","guid":{"rendered":"http:\/\/172.16.0.7\/site-antigo\/?p=2430"},"modified":"2024-10-08T09:09:38","modified_gmt":"2024-10-08T12:09:38","slug":"vacinacao-contra-a-paralisia-infantil-e-sarampo-encerram-nesta-sexta-feira","status":"publish","type":"post","link":"https:\/\/www.apucarana.pr.gov.br\/site\/vacinacao-contra-a-paralisia-infantil-e-sarampo-encerram-nesta-sexta-feira\/","title":{"rendered":"Vacina\u00e7\u00e3o contra a paralisia infantil e sarampo encerram nesta sexta-feira"},"content":{"rendered":"<p><p><span style=\"letter-spacing: -0.02em; line-height: 1.45em; background-color: initial;\">A Autarquia Municipal de Sa\u00fade (AMS) de Apucarana alerta que a campanha de vacina\u00e7\u00e3o contra a paralisia infantil (poliomielite) e sarampo segue at\u00e9 sexta-feira (12\/12). As doses est\u00e3o dispon\u00edveis, gratuitamente, em 20 Unidades B\u00e1sicas de Sa\u00fade (UBS) que possuem sala de vacina. O atendimento \u00e9 das 8 \u00e0s 17 horas, de segunda a sexta-feira. &ldquo;A dose da vacina contra p\u00f3lio \u00e9 oral (gotinhas) e a contra o sarampo (tr\u00edplice viral) \u00e9 injet\u00e1vel. Pedimos aos pais ou respons\u00e1veis que ainda n\u00e3o levaram suas crian\u00e7as para vacinar, que compare\u00e7am sem falta at\u00e9 esta sexta-feira. Com sa\u00fade n\u00e3o se brinca&rdquo;, pontua o prefeito Beto Preto (PT), que \u00e9 medico.<br \/><\/span><span style=\"letter-spacing: -0.02em; line-height: 1.45em; background-color: initial;\"><br \/>Um balan\u00e7o divulgado nesta ter\u00e7a-feira (09\/12) pelo Departamento de Vigil&acirc;ncia Epidemiol\u00f3gica revela que ainda restam muitas crian\u00e7as a serem imunizadas em Apucarana. Tendo como refer\u00eancia m\u00ednima 95% de imuniza\u00e7\u00e3o, at\u00e9 o momento foram vacinadas 80% das 10.123 crian\u00e7as estabelecidas como meta contra a paralisia infantil, e cerca de 75% do total de 7.310 crian\u00e7as contra o sarampo. &ldquo;Os pais ou outros respons\u00e1veis devem levar junto a carteira de vacina\u00e7\u00e3o&rdquo;, refor\u00e7a o diretor-presidente da AMS, enfermeiro Roberto Kaneta.<br \/><\/span><span style=\"letter-spacing: -0.02em; line-height: 1.45em; background-color: initial;\"><br \/>A campanha contra a poliomielite (paralisia infantil) tem como p\u00fablico alvo crian\u00e7as a partir de seis meses at\u00e9 cinco anos incompletos. J\u00e1 a de sarampo atende na faixa et\u00e1ria a partir de um ano at\u00e9 cinco anos incompletos. Mais informa\u00e7\u00f5es sobre os locais de vacina\u00e7\u00e3o podem ser obtidas pelo telefone 3422-5888.<br \/><\/span><span style=\"letter-spacing: -0.02em; line-height: 1.45em; background-color: initial;\"><br \/>A campanha de vacina\u00e7\u00e3o nacional, iniciada em 8 de novembro, j\u00e1 vacinou em todo o pa\u00eds 9,5 milh\u00f5es de crian\u00e7as contra a poliomielite, o que representa 74,8% da meta estabelecida. Contra o sarampo, 7,3 milh\u00f5es de crian\u00e7as j\u00e1 receberam a dose, cerca de 66,9% do p\u00fablico-alvo.<\/span><\/p><\/p>\n","protected":false},"excerpt":{"rendered":"<p>Um balan&ccedil;o divulgado nesta ter&ccedil;a-feira (09\/12) pelo Departamento de Vigil&acirc;ncia Epidemiol&oacute;gica revela que ainda restam muitas crian&ccedil;as a serem imunizadas em Apucarana<\/p>\n","protected":false},"author":4,"featured_media":0,"comment_status":"closed","ping_status":"closed","sticky":false,"template":"","format":"standard","meta":{"footnotes":""},"categories":[24],"tags":[],"class_list":["post-2430","post","type-post","status-publish","format-standard","hentry","category-noticias"],"acf":[],"_links":{"self":[{"href":"https:\/\/www.apucarana.pr.gov.br\/site\/wp-json\/wp\/v2\/posts\/2430","targetHints":{"allow":["GET"]}}],"collection":[{"href":"https:\/\/www.apucarana.pr.gov.br\/site\/wp-json\/wp\/v2\/posts"}],"about":[{"href":"https:\/\/www.apucarana.pr.gov.br\/site\/wp-json\/wp\/v2\/types\/post"}],"author":[{"embeddable":true,"href":"https:\/\/www.apucarana.pr.gov.br\/site\/wp-json\/wp\/v2\/users\/4"}],"replies":[{"embeddable":true,"href":"https:\/\/www.apucarana.pr.gov.br\/site\/wp-json\/wp\/v2\/comments?post=2430"}],"version-history":[{"count":1,"href":"https:\/\/www.apucarana.pr.gov.br\/site\/wp-json\/wp\/v2\/posts\/2430\/revisions"}],"predecessor-version":[{"id":104448,"href":"https:\/\/www.apucarana.pr.gov.br\/site\/wp-json\/wp\/v2\/posts\/2430\/revisions\/104448"}],"wp:attachment":[{"href":"https:\/\/www.apucarana.pr.gov.br\/site\/wp-json\/wp\/v2\/media?parent=2430"}],"wp:term":[{"taxonomy":"category","embeddable":true,"href":"https:\/\/www.apucarana.pr.gov.br\/site\/wp-json\/wp\/v2\/categories?post=2430"},{"taxonomy":"post_tag","embeddable":true,"href":"https:\/\/www.apucarana.pr.gov.br\/site\/wp-json\/wp\/v2\/tags?post=2430"}],"curies":[{"name":"wp","href":"https:\/\/api.w.org\/{rel}","templated":true}]}}