{"id":2428,"date":"2014-12-09T10:45:59","date_gmt":"2014-12-09T10:45:59","guid":{"rendered":"http:\/\/172.16.0.7\/site-antigo\/?p=2428"},"modified":"2024-10-08T09:09:39","modified_gmt":"2024-10-08T12:09:39","slug":"agricultura-repassa-mudas-a-escola-da-rede-estadual","status":"publish","type":"post","link":"https:\/\/www.apucarana.pr.gov.br\/site\/agricultura-repassa-mudas-a-escola-da-rede-estadual\/","title":{"rendered":"Agricultura repassa mudas a escola da rede estadual"},"content":{"rendered":"<\/p>\n<p>O meio ambiente \u00e9 um dos temas trabalhados, interdisciplinarmente, no Col\u00e9gio Estadual Osmar Guaracy Freire, localizado no N\u00facleo Habitacional Adriano Correia. A dire\u00e7\u00e3o da escola fez um levantamento e verificou os alunos que gostariam de adotar uma \u00e1rvore. Boa parte dos 530 estudantes aderiu \u00e0 proposta e assumiu o compromisso de plantar uma muda em frente de casa. Nesta ter\u00e7a-feira (09\/12), a Secretaria Municipal de Agricultura se incorporou ao projeto, fornecendo quaresmeiras, cerejeiras, aroeiras salsa e oitis, que tamb\u00e9m ser\u00e3o distribu\u00eddas \u00e0 comunidade.<\/p>\n<p>As mudas foram repassadas pelo secret\u00e1rio municipal de Agricultura, Jo\u00e3o Carmo Fonseca, e pelo coordenador dos viveiros municipais, Ant&ocirc;nio Ciesilski. &ldquo;Estamos orientando que as mudas de menor porte, como cerejeiras e quaresmeiras, sejam plantadas onde passa a rede de energia. O projeto \u00e9 uma oportunidade para repor as \u00e1rvores que foram retiradas ou onde n\u00e3o existiam, proporcionando sombra e contribuindo com o meio ambiente&rdquo;, frisa Ciesilski, informando que foram fornecidas 300 mudas.<\/p>\n<p>De acordo com Marlene Beletato, diretora do Col\u00e9gio Estadual Osmar Guaracy Freire, o meio ambiente \u00e9 inserido em todos os conte\u00fados e v\u00e1rios projetos v\u00eam sendo desenvolvidos. &ldquo;O objetivo da distribui\u00e7\u00e3o das mudas \u00e9 trabalhar o meio ambiente junto aos alunos, buscando fazer a conscientiza\u00e7\u00e3o e ao mesmo tempo contribuindo para melhorar a qualidade do ar&rdquo;, explica Marlene.<\/p>\n<p>Outro projeto desenvolvido dentro da escola &#8211; que oferece o ensino fundamental, m\u00e9dio e profissionalizante &ndash; \u00e9 o &ldquo;Sou Respons\u00e1vel pelo Lixo que Produzo&rdquo;. &ldquo;Cada aluno recebe uma sacola, destinada ao recolhimento do lixo tanto no ambiente escolar como fora. &Eacute; um projeto que j\u00e1 tem cerca de 5 anos, buscando incentivar a preserva\u00e7\u00e3o e promover a limpeza do espa\u00e7o onde vivemos&rdquo;, pontua a diretora da escola. <\/p>\n<p><\/p>\n","protected":false},"excerpt":{"rendered":"<p>Estudantes que assumiram o compromisso plantar&atilde;o &aacute;rvores em frente de casa<\/p>\n","protected":false},"author":4,"featured_media":0,"comment_status":"closed","ping_status":"closed","sticky":false,"template":"","format":"standard","meta":{"footnotes":""},"categories":[24],"tags":[],"class_list":["post-2428","post","type-post","status-publish","format-standard","hentry","category-noticias"],"acf":[],"_links":{"self":[{"href":"https:\/\/www.apucarana.pr.gov.br\/site\/wp-json\/wp\/v2\/posts\/2428","targetHints":{"allow":["GET"]}}],"collection":[{"href":"https:\/\/www.apucarana.pr.gov.br\/site\/wp-json\/wp\/v2\/posts"}],"about":[{"href":"https:\/\/www.apucarana.pr.gov.br\/site\/wp-json\/wp\/v2\/types\/post"}],"author":[{"embeddable":true,"href":"https:\/\/www.apucarana.pr.gov.br\/site\/wp-json\/wp\/v2\/users\/4"}],"replies":[{"embeddable":true,"href":"https:\/\/www.apucarana.pr.gov.br\/site\/wp-json\/wp\/v2\/comments?post=2428"}],"version-history":[{"count":1,"href":"https:\/\/www.apucarana.pr.gov.br\/site\/wp-json\/wp\/v2\/posts\/2428\/revisions"}],"predecessor-version":[{"id":104451,"href":"https:\/\/www.apucarana.pr.gov.br\/site\/wp-json\/wp\/v2\/posts\/2428\/revisions\/104451"}],"wp:attachment":[{"href":"https:\/\/www.apucarana.pr.gov.br\/site\/wp-json\/wp\/v2\/media?parent=2428"}],"wp:term":[{"taxonomy":"category","embeddable":true,"href":"https:\/\/www.apucarana.pr.gov.br\/site\/wp-json\/wp\/v2\/categories?post=2428"},{"taxonomy":"post_tag","embeddable":true,"href":"https:\/\/www.apucarana.pr.gov.br\/site\/wp-json\/wp\/v2\/tags?post=2428"}],"curies":[{"name":"wp","href":"https:\/\/api.w.org\/{rel}","templated":true}]}}