{"id":2427,"date":"2014-12-08T17:42:00","date_gmt":"2014-12-08T17:42:00","guid":{"rendered":"http:\/\/172.16.0.7\/site-antigo\/?p=2427"},"modified":"2024-10-08T09:09:39","modified_gmt":"2024-10-08T12:09:39","slug":"beto-preto-e-reeleito-na-presidencia-do-cisvir","status":"publish","type":"post","link":"https:\/\/www.apucarana.pr.gov.br\/site\/beto-preto-e-reeleito-na-presidencia-do-cisvir\/","title":{"rendered":"Beto Preto \u00e9 reeleito na presid\u00eancia do Cisvir"},"content":{"rendered":"<\/p>\n<p><span style=\"letter-spacing: -0.02em; line-height: 1.45em; background-color: initial;\">O Cons\u00f3rcio Intermunicipal de Sa\u00fade de Apucarana e Regi\u00e3o (Cisvir) ter\u00e1 o prefeito de Apucarana, Beto Preto, na presid\u00eancia por mais dois anos. A reelei\u00e7\u00e3o por aclama\u00e7\u00e3o aconteceu em assembleia do cons\u00f3rcio realizada na manh\u00e3 de hoje no sal\u00e3o nobre da Prefeitura de Apucarana. Al\u00e9m de Beto Preto na presid\u00eancia, o cons\u00f3rcio ter\u00e1 Toninho Santiago (Grandes rios) na vice-presid\u00eancia, Marlon Pini (Marumbi) como secret\u00e1rio, e Ana L\u00facia Mazetto (Calif\u00f3rnia) como tesoureira.<\/span><\/p>\n<p>Prefeitos e secret\u00e1rios de sa\u00fade de onze dos dezessete munic\u00edpios que integram o Cisvir optaram pela continuidade do m\u00e9dico Beto Preto \u00e0 frente do cons\u00f3rcio de sa\u00fade. Todos foram un&acirc;nimes em exaltar o resgate da credibilidade do \u00f3rg\u00e3o junto aos profissionais m\u00e9dicos, laborat\u00f3rios e outros prestadores de servi\u00e7o. V\u00e1rios deles tamb\u00e9m enalteceram a amplia\u00e7\u00e3o da oferta de consultas em trinta e uma \u00e1reas de especialidades e das cirurgias eletivas (n\u00e3o emergenciais).<\/p>\n<p>A assembleia foi prestigiada pelos prefeitos Ant&ocirc;nio Jos\u00e9 Beffa (Arapongas), Ana L\u00facia Mazetto (Calif\u00f3rnia), Ant&ocirc;nio Cl\u00e1udio Santiago (Grandes Rios), Adilson Silva Lino (Faxinal), Elza Maria representando o prefeito Dejair Val\u00e9rio &ldquo;Carneiro&rdquo; (Jandaia do Sul), Aquiles Taqueda representando o prefeito Pedro S\u00e9rgio Mileski (Maril&acirc;ndia do Sul), Marlon Castro Pavesi Pini (Marumbi),Vilson Garbin representando o prefeito &Eacute;dson Hugo Manueira (Sab\u00e1udia), Maria Regina Dalla Rosa (S\u00e3o Pedro do Iva\u00ed), Maur\u00edlio dos Santos (Cambira).<\/p>\n<p>Os prefeitos que n\u00e3o compareceram e nem mandaram representantes foram os de Rio Bom, Mois\u00e9s Andrade; Kalor\u00e9, Washington Luiz da Silva; Bom Sucesso, Maur\u00edcio &ldquo;N\u00e1&rdquo; Aparecido de Castro; Borraz\u00f3polis, Adilson Luchetti; Mau\u00e1, Nicolau Muniz Junior; e de Novo Itacolomi, Roberto Munhoz &ldquo;Polaco da P\u00e1&rdquo;. Para o presidente reeleito do Cisvir, Beto Preto, a inscri\u00e7\u00e3o de chapa \u00fanica na disputa contribuiu para a aus\u00eancia de alguns prefeitos. &ldquo;A partir de 2015, nosso foco ser\u00e1 trabalhar para zerar as filas de espera das cirurgias eletivas nas \u00e1reas de ortopedia e otorrino&rdquo;, anunciou.<\/p>\n<p>Durante a assembleia, Beto Preto, ao lado de diretores e t\u00e9cnicos do Cisvir, fez uma presta\u00e7\u00e3o de contas, destacando o saneamento financeiro do \u00f3rg\u00e3o e o saldo de consultas e cirurgias realizadas ao longos dos \u00faltimos dois anos. <\/p>\n<p>No in\u00edcio de 2013, conforme relatou, a situa\u00e7\u00e3o do cons\u00f3rcio era bastante complicada, acumulando uma d\u00edvida de cerca de R$ 1 milh\u00e3o. &ldquo;O principal problema eram as pend\u00eancias com os prestadores de servi\u00e7os, incluindo m\u00e9dicos, laborat\u00f3rios e fornecedores&rdquo;, lembrou o prefeito.<\/p>\n<p>Ele informou que, se somarmos as consultas de todas as \u00e1reas, o Cisvir j\u00e1 atingiu quase 112 mil consultas neste ano. &ldquo;Em 2012 o or\u00e7amento do Cisvir era de R$ 8,8 milh\u00f5es e agora para 2015, saltar\u00e1 para R$ 17,8 milh\u00f5es&rdquo;, revelou.<\/p>\n<p>Atualmente, o Cisvir t\u00eam \u00e0 disposi\u00e7\u00e3o de sua clientela de 340 mil habitantes em 17 munic\u00edpios, um total de 76 profissionais m\u00e9dicos em 31 \u00e1reas de especialidades. O cons\u00f3rcio \u00e9 servido ainda de outros 15 profissionais de n\u00edvel superior, incluindo dentistas, psic\u00f3logos, fonoaudi\u00f3logos e nutricionistas.<\/p>\n<p>At\u00e9 agosto de 2015, segundo o presidente do Cons\u00f3rcio, deve ser entregue a sede pr\u00f3pria de Centro de Especialidades do Cisvir. A primeira etapa do pr\u00e9dio, com 1.950 metros quadrados, j\u00e1 tem sua funda\u00e7\u00e3o, paredes e lajes prontas. Na obra est\u00e3o sendo investidos R$ 2,2 milh\u00f5es, sendo R$ 1 milh\u00e3o do Governo Federal, R$ 700 mil do Munic\u00edpio de Apucarana e, R$ 500 mil do Governo do Estado.<\/p>\n<p>Com a nova estrutura o cons\u00f3rcio ir\u00e1 dispor de vinte consult\u00f3rios m\u00e9dicos e poder\u00e1 ofertar cerca de 16 mil consultas ao m\u00eas. O terreno doado pelo munic\u00edpio, no Jardim Apucarana (pr\u00f3ximo ao terminal rodovi\u00e1rio intermunicipal), tem 11 mil metros de \u00e1rea e ter\u00e1 amplo espa\u00e7o para estacionamento.<\/p>\n<p><span><\/span><\/p>\n<p><\/p>\n","protected":false},"excerpt":{"rendered":"<p>Prefeito de Apucarana foi reconduzido ao cargo por aclama&ccedil;&atilde;o<\/p>\n","protected":false},"author":4,"featured_media":0,"comment_status":"closed","ping_status":"closed","sticky":false,"template":"","format":"standard","meta":{"footnotes":""},"categories":[24],"tags":[],"class_list":["post-2427","post","type-post","status-publish","format-standard","hentry","category-noticias"],"acf":[],"_links":{"self":[{"href":"https:\/\/www.apucarana.pr.gov.br\/site\/wp-json\/wp\/v2\/posts\/2427","targetHints":{"allow":["GET"]}}],"collection":[{"href":"https:\/\/www.apucarana.pr.gov.br\/site\/wp-json\/wp\/v2\/posts"}],"about":[{"href":"https:\/\/www.apucarana.pr.gov.br\/site\/wp-json\/wp\/v2\/types\/post"}],"author":[{"embeddable":true,"href":"https:\/\/www.apucarana.pr.gov.br\/site\/wp-json\/wp\/v2\/users\/4"}],"replies":[{"embeddable":true,"href":"https:\/\/www.apucarana.pr.gov.br\/site\/wp-json\/wp\/v2\/comments?post=2427"}],"version-history":[{"count":1,"href":"https:\/\/www.apucarana.pr.gov.br\/site\/wp-json\/wp\/v2\/posts\/2427\/revisions"}],"predecessor-version":[{"id":104452,"href":"https:\/\/www.apucarana.pr.gov.br\/site\/wp-json\/wp\/v2\/posts\/2427\/revisions\/104452"}],"wp:attachment":[{"href":"https:\/\/www.apucarana.pr.gov.br\/site\/wp-json\/wp\/v2\/media?parent=2427"}],"wp:term":[{"taxonomy":"category","embeddable":true,"href":"https:\/\/www.apucarana.pr.gov.br\/site\/wp-json\/wp\/v2\/categories?post=2427"},{"taxonomy":"post_tag","embeddable":true,"href":"https:\/\/www.apucarana.pr.gov.br\/site\/wp-json\/wp\/v2\/tags?post=2427"}],"curies":[{"name":"wp","href":"https:\/\/api.w.org\/{rel}","templated":true}]}}