{"id":2426,"date":"2014-12-08T16:47:00","date_gmt":"2014-12-08T16:47:00","guid":{"rendered":"http:\/\/172.16.0.7\/site-antigo\/?p=2426"},"modified":"2024-10-08T09:09:39","modified_gmt":"2024-10-08T12:09:39","slug":"papai-noel-e-recebido-por-milhares-de-pessoas-em-apucarana","status":"publish","type":"post","link":"https:\/\/www.apucarana.pr.gov.br\/site\/papai-noel-e-recebido-por-milhares-de-pessoas-em-apucarana\/","title":{"rendered":"Papai Noel \u00e9 recebido por milhares de pessoas em Apucarana"},"content":{"rendered":"<\/p>\n<p><span style=\"letter-spacing: -0.02em; line-height: 1.45em; background-color: initial;\">A chegada do Papai Noel no domingo em Apucarana, marcando o in\u00edcio das festividades natalinas na cidade, levou milhares de pessoas \u00e0 Pra\u00e7a Rui Barbosa. Ap\u00f3s percorrer a Avenida Curitiba acompanhado da carreata da Coca-Cola, com caminh\u00f5es iluminados e com um tel\u00e3o digital m\u00f3vel projetando imagens natalinas, o Bom Velhinho subiu no Palco de Natal, montado no plat&ocirc;, onde recebeu das m\u00e3os do prefeito Beto Preto e do presidente da Acia, J\u00fanior Serea, as chaves da cidade.<\/span><\/p>\n<p>&ldquo;A chegada do Papai Noel marca o in\u00edcio da festividade de Natal. Obrigada pai, m\u00e3e e todos os apucaranenses que vieram aqui para que pud\u00e9ssemos nos confraternizar e receber o bom velhinho. Desejo um Natal maravilhoso, com sentimento crist\u00e3o, dignidade, lealdade, humildade e principalmente solidariedade e calor humano no cora\u00e7\u00e3o de todos os apucaranenses&rdquo;, disse o prefeito Beto Preto.<\/p>\n<p>Al\u00e9m da chegada do Papai Noel, o grande p\u00fablico presente, bem superior aos anos anteriores, assistiu uma programa\u00e7\u00e3o com apresenta\u00e7\u00f5es art\u00edsticas da Escola Municipal de Dan\u00e7a e tamb\u00e9m da Banda Municipal Maestro Jo\u00e3o Florindo da Silva em sua forma\u00e7\u00e3o de Big Band, com repert\u00f3rio com m\u00fasicas natalinas. A festa encerrou com show de fogos de artif\u00edcios.<\/p>\n<p>A programa\u00e7\u00e3o do &ldquo;Palco de Natal&rdquo; ser\u00e1 retomada amanh\u00e3, dia 10, dia em o com\u00e9rcio inicia hor\u00e1rio especial, ficando com as portas abertas at\u00e9 as 22 horas. As atividades se estender\u00e3o at\u00e9 o dia 19 de dezembro, envolvendo apresenta\u00e7\u00f5es da banda municipal, de alunos das escolas e Centros Municipais de Educa\u00e7\u00e3o Infantil, cantata e auto de natal, entre outras.<\/p>\n<p>O trenzinho tamb\u00e9m come\u00e7a a circular no dia 10, com passeios di\u00e1rios entre 19 horas e 22 horas, com exce\u00e7\u00e3o de s\u00e1bados e domingos. A Feira do Entardecer, quanto a Feira do Artesanato, ir\u00e3o funcionar das 10 \u00e0s 22 horas em datas espec\u00edficas neste m\u00eas de dezembro.Tradicionais pontos do com\u00e9rcio da gastronomia e de produtos do artesanato local na Pra\u00e7a Rui Barbosa, a primeira vai atender aos consumidores do dia 10 ao dia 13 e do dia 17 ao dia 21. J\u00e1 os artes\u00e3os v\u00e3o comercializar seus produtos, ininterruptamente, do dia 10 ao dia 23 de dezembro, antev\u00e9spera do Natal.<\/p>\n<p>A Casinha do Papai Noel j\u00e1 est\u00e1 aberta permanentemente desde o \u00faltimo domingo, entre 18h30 horas e 22 horas, durante a semana, e de 17 horas \u00e0s 22 horas horas nos s\u00e1bados e domingos.<\/p>\n<p>PROGRAMA&Ccedil;&Atilde;O DO PALCO DE NATAL 2014<\/p>\n<table>\n<tbody>\n<tr>\n<td>\n<p>10\/12 &#8211; 20h30<\/p>\n<\/td>\n<td>\n<p>Grupo de Dan\u00e7a do Projeto   Adolescer &ndash; Plat&ocirc; da Pra\u00e7a Rui Barbosa<\/p>\n<p>Banda Municipal &ndash; R.   Osvaldo Cruz &ndash; R. Ponta Grossa<\/p>\n<\/td>\n<\/tr>\n<tr>\n<td>\n<p>11\/12 &#8211; 20h30<\/p>\n<\/td>\n<td>\n<p>Coral e grupos de dan\u00e7a   das escolas municipais:<\/p>\n<p>   Escola Jos\u00e9 de Alencar\/ Escola Durval Pinto\/ Escola Jo\u00e3o Batista\/ Escola   Augusto Weyand<\/p>\n<\/td>\n<\/tr>\n<tr>\n<td>\n<p>12\/12 &#8211; 20h30<\/p>\n<\/td>\n<td>\n<p>Cantata de Natal da   Escolas Municipais &ndash; Pra\u00e7a Rui Barbosa &ndash; Polo UAB<\/p>\n<\/td>\n<\/tr>\n<tr>\n<td>\n<p>13\/12 &#8211; 17h30<\/p>\n<\/td>\n<td>\n<p>Apresenta\u00e7\u00e3o dos Centros   Municipais de Educa\u00e7\u00e3o Infantil &ndash; Concha Ac\u00fastica da Pra\u00e7a do 28<\/p>\n<\/td>\n<\/tr>\n<tr>\n<td>\n<p>14\/12 &#8211; 20h30<\/p>\n<\/td>\n<td>\n<p>Coral e grupos de dan\u00e7a   das escolas municipais:<\/p>\n<p>   Escola Vida Nova Caic\/ Escola Marta Pereira\/ Escola Dinarte de Araujo   Pereira\/ Escola Papa Jo\u00e3o XXIII<\/p>\n<\/td>\n<\/tr>\n<tr>\n<td>\n<p>15\/12 &ndash; 20h30<\/p>\n<\/td>\n<td>\n<p>Auto de Natal CEEBJA<\/p>\n<\/td>\n<\/tr>\n<tr>\n<td>\n<p>16\/12 &#8211; 20h30<\/p>\n<\/td>\n<td>\n<p>Coral e grupos de dan\u00e7a   das escolas municipais:<\/p>\n<p>   Escola Karel Kober\/Escola Gabriel de Lara\/ Escola Luis Carlos Prestes<\/p>\n<p>Escola Juiz Luis Fernando\/   Escola Pe. Antonio Vieira\/ Escola Edson Giacomini\/ Escola Presidente M\u00e9dice\/   Escola Antonieta Lautenschlager<\/p>\n<p>Banda Municipal Av   Curitiba \/ Cascata<\/p>\n<\/td>\n<\/tr>\n<tr>\n<td>\n<p>17\/12 &#8211; 20h30<\/p>\n<\/td>\n<td>\n<p>Coral e grupos de dan\u00e7a   das escolas municipais:<\/p>\n<p>   Escola Dr. Joaquim Vicente de Castro\/ Escola Idalice Moreira Prates<\/p>\n<p>Escola Jos\u00e9 Brazil   Camargo\/ Escola Jos\u00e9 Ramos\/ Escola Alcides Ramos<\/p>\n<p>Coral Cantores Si\u00e3o &#8211; Primeira Igreja Batista<\/p>\n<\/td>\n<\/tr>\n<tr>\n<td>\n<p>18\/12 &#8211; 20h30<\/p>\n<\/td>\n<td>\n<p>Centro da Juventude de   Apucarana<\/p>\n<p>Banda Municipal &ndash; Pra\u00e7a   Interventor Manoel Ribas<\/p>\n<\/td>\n<\/tr>\n<tr>\n<td>\n<p>19\/12- 20h30<\/p>\n<\/td>\n<td>\n<p>Grupo Musical Amigos em   Can\u00e7\u00e3o &ndash; Academia Sebastian Bach<\/p>\n<\/td>\n<\/tr>\n<\/tbody>\n<\/table>\n<p><\/p>\n","protected":false},"excerpt":{"rendered":"<p>Festividades natalinas v&atilde;o movimentar a Pra&ccedil;a Rui Barbosa a partir <\/p>\n","protected":false},"author":4,"featured_media":0,"comment_status":"closed","ping_status":"closed","sticky":false,"template":"","format":"standard","meta":{"footnotes":""},"categories":[24],"tags":[],"class_list":["post-2426","post","type-post","status-publish","format-standard","hentry","category-noticias"],"acf":[],"_links":{"self":[{"href":"https:\/\/www.apucarana.pr.gov.br\/site\/wp-json\/wp\/v2\/posts\/2426","targetHints":{"allow":["GET"]}}],"collection":[{"href":"https:\/\/www.apucarana.pr.gov.br\/site\/wp-json\/wp\/v2\/posts"}],"about":[{"href":"https:\/\/www.apucarana.pr.gov.br\/site\/wp-json\/wp\/v2\/types\/post"}],"author":[{"embeddable":true,"href":"https:\/\/www.apucarana.pr.gov.br\/site\/wp-json\/wp\/v2\/users\/4"}],"replies":[{"embeddable":true,"href":"https:\/\/www.apucarana.pr.gov.br\/site\/wp-json\/wp\/v2\/comments?post=2426"}],"version-history":[{"count":1,"href":"https:\/\/www.apucarana.pr.gov.br\/site\/wp-json\/wp\/v2\/posts\/2426\/revisions"}],"predecessor-version":[{"id":104453,"href":"https:\/\/www.apucarana.pr.gov.br\/site\/wp-json\/wp\/v2\/posts\/2426\/revisions\/104453"}],"wp:attachment":[{"href":"https:\/\/www.apucarana.pr.gov.br\/site\/wp-json\/wp\/v2\/media?parent=2426"}],"wp:term":[{"taxonomy":"category","embeddable":true,"href":"https:\/\/www.apucarana.pr.gov.br\/site\/wp-json\/wp\/v2\/categories?post=2426"},{"taxonomy":"post_tag","embeddable":true,"href":"https:\/\/www.apucarana.pr.gov.br\/site\/wp-json\/wp\/v2\/tags?post=2426"}],"curies":[{"name":"wp","href":"https:\/\/api.w.org\/{rel}","templated":true}]}}