{"id":2425,"date":"2014-12-08T16:32:00","date_gmt":"2014-12-08T16:32:00","guid":{"rendered":"http:\/\/172.16.0.7\/site-antigo\/?p=2425"},"modified":"2024-10-08T09:09:39","modified_gmt":"2024-10-08T12:09:39","slug":"mostra-cultural-da-eja-e-marcada-por-show-de-criatividade","status":"publish","type":"post","link":"https:\/\/www.apucarana.pr.gov.br\/site\/mostra-cultural-da-eja-e-marcada-por-show-de-criatividade\/","title":{"rendered":"Mostra Cultural da EJA \u00e9 marcada por show de criatividade"},"content":{"rendered":"<p><p>A Educa\u00e7\u00e3o de Jovens e Adultos (EJA &ndash; fase I) realizou, na tarde do \u00faltimo s\u00e1bado (06\/12), a sua 1\u00aa Mostra Cultural com o tema &ldquo;Valorizando diferentes linguagens, saberes e experi\u00eancias de vida&rdquo;. O evento aconteceu em plena Pra\u00e7a Rui Barbosa e atraiu a aten\u00e7\u00e3o de centenas de apucaranenses que circulavam pelo local. <\/p>\n<p>Promovida pela Autarquia Municipal de Educa\u00e7\u00e3o (AME) em parceria com o SESC-PR, a mostra contou com a participa\u00e7\u00e3o de cerca de 250 alunos de 14 escolas, que expuseram pinturas, bordados, pe\u00e7as em croch\u00ea e em E.V.A., artigos de higiene e perfumaria, livros, plantas medicinais e hortas, entre outros trabalhos artesanais desenvolvidos em sala de aula durante o ano todo. Tamb\u00e9m houve apresenta\u00e7\u00f5es de coral e um recital de poesias. Mas o principal destaque foi, com certeza, o show de criatividade demonstrado pelos estudantes.<\/p>\n<p>A coordenadora pedag\u00f3gica da EJA, professora Eliane Fel\u00edcio de Souza, explica que o objetivo da mostra foi evidenciar as potencialidades dos alunos da EJA e divulgar as a\u00e7\u00f5es educativas dessa modalidade de ensino.<span> <\/span><\/p>\n<p>Ela lembra ainda que a AME continua com matr\u00edculas abertas para as turmas de 2015 da Educa\u00e7\u00e3o de Jovens e Adultos. Se voc\u00ea conhece algu\u00e9m, com mais de 15 anos, que n\u00e3o \u00e9 alfabetizado, oriente para que compare\u00e7a \u00e0 escola mais pr\u00f3xima ou \u00e0 sede da Autarquia Municipal de Educa\u00e7\u00e3o munido de documento de identifica\u00e7\u00e3o com foto e um comprovante de resid\u00eancia (conta de luz).<\/p>\n<p>A AME est\u00e1 localizada \u00e0 Rua Tamandar\u00e9, 155, na Barra Funda &ndash; pr\u00f3ximo ao Supermercado Alvorada.<\/p>\n<p><\/p>\n","protected":false},"excerpt":{"rendered":"<p>Promovida pela AME, a mostra contou com a participa&ccedil;&atilde;o de cerca de 250 alunos de 14 escolas, que expuseram trabalhos artesanais desenvolvidos em sala durante o ano todo.<\/p>\n","protected":false},"author":4,"featured_media":0,"comment_status":"closed","ping_status":"closed","sticky":false,"template":"","format":"standard","meta":{"footnotes":""},"categories":[24],"tags":[],"class_list":["post-2425","post","type-post","status-publish","format-standard","hentry","category-noticias"],"acf":[],"_links":{"self":[{"href":"https:\/\/www.apucarana.pr.gov.br\/site\/wp-json\/wp\/v2\/posts\/2425","targetHints":{"allow":["GET"]}}],"collection":[{"href":"https:\/\/www.apucarana.pr.gov.br\/site\/wp-json\/wp\/v2\/posts"}],"about":[{"href":"https:\/\/www.apucarana.pr.gov.br\/site\/wp-json\/wp\/v2\/types\/post"}],"author":[{"embeddable":true,"href":"https:\/\/www.apucarana.pr.gov.br\/site\/wp-json\/wp\/v2\/users\/4"}],"replies":[{"embeddable":true,"href":"https:\/\/www.apucarana.pr.gov.br\/site\/wp-json\/wp\/v2\/comments?post=2425"}],"version-history":[{"count":1,"href":"https:\/\/www.apucarana.pr.gov.br\/site\/wp-json\/wp\/v2\/posts\/2425\/revisions"}],"predecessor-version":[{"id":104454,"href":"https:\/\/www.apucarana.pr.gov.br\/site\/wp-json\/wp\/v2\/posts\/2425\/revisions\/104454"}],"wp:attachment":[{"href":"https:\/\/www.apucarana.pr.gov.br\/site\/wp-json\/wp\/v2\/media?parent=2425"}],"wp:term":[{"taxonomy":"category","embeddable":true,"href":"https:\/\/www.apucarana.pr.gov.br\/site\/wp-json\/wp\/v2\/categories?post=2425"},{"taxonomy":"post_tag","embeddable":true,"href":"https:\/\/www.apucarana.pr.gov.br\/site\/wp-json\/wp\/v2\/tags?post=2425"}],"curies":[{"name":"wp","href":"https:\/\/api.w.org\/{rel}","templated":true}]}}