{"id":2424,"date":"2014-12-08T15:29:59","date_gmt":"2014-12-08T15:29:59","guid":{"rendered":"http:\/\/172.16.0.7\/site-antigo\/?p=2424"},"modified":"2024-10-08T09:09:39","modified_gmt":"2024-10-08T12:09:39","slug":"empoderamento-do-idoso-e-tema-de-conferencia-em-apucarana","status":"publish","type":"post","link":"https:\/\/www.apucarana.pr.gov.br\/site\/empoderamento-do-idoso-e-tema-de-conferencia-em-apucarana\/","title":{"rendered":"Empoderamento do idoso \u00e9 tema de confer\u00eancia em Apucarana"},"content":{"rendered":"<p><p><span style=\"letter-spacing: -0.02em; line-height: 1.45em; background-color: initial;\">A Secretaria da Assist\u00eancia Social da Prefeitura de Apucarana e o Conselho Municipal da Pessoa Idosa realizaram nesta \u00faltima sexta-feira e s\u00e1bado (05 e 06\/12), no Polo da UAB de Apucarana, a 6\u00aa Confer\u00eancia Municipal da Pessoa Idosa. Com o lema &#8220;Protagonismo e Empoderamento da Pessoa <\/span><em style=\"letter-spacing: -0.02em; line-height: 1.45em; background-color: initial;\">Idosa<\/em><span style=\"letter-spacing: -0.02em; line-height: 1.45em; background-color: initial;\"> &#8211; Por um Brasil de todas as Idades&rdquo;, o evento debateu estrat\u00e9gias e pol\u00edticas p\u00fablicas a fim de melhorar a qualidade de vida do idoso.<br \/><\/span><span style=\"letter-spacing: -0.02em; line-height: 1.45em; background-color: initial;\"><br \/>O prefeito Beto Preto (PT) participou da confer\u00eancia e disse que o munic\u00edpio, atrav\u00e9s da secretaria municipal, j\u00e1 atua com os grupos da Terceira Idade, mas ressaltou a necessidade de amplia\u00e7\u00e3o das a\u00e7\u00f5es. &ldquo;As confer\u00eancias, os conselhos municipais, s\u00e3o elementos fundamentais. Aqui, em Apucarana, fazemos quest\u00e3o de que estes ambientes de di\u00e1logos da sociedade possam acontecer sempre. O conselho do idoso vem se reunindo regularmente, com pessoas que realmente colaboram. Foi um prazer participar desta confer\u00eancia. Deixei como proposta que trabalhemos para ampliarmos ainda o Centro Dia, de 20 idosos atendidos ao dia para um n\u00famero maior&rdquo;, informou o prefeito.<br \/><\/span><span style=\"letter-spacing: -0.02em; line-height: 1.45em; background-color: initial;\"><br \/>Um dos temas centrais da confer\u00eancia foi o poder econ&ocirc;mico do idoso. O presidente do Conselho Municipal da Pessoa Idosa, Domingos Farinha, afirmou que os empr\u00e9stimos consignados s\u00e3o os principais vil\u00f5es da renda destas pessoas. &ldquo;Este financiamento, vinculado ao benef\u00edcio da aposentadoria \u00e9 feito pela maioria dos idosos, mas muitas vezes sem a no\u00e7\u00e3o do que est\u00e3o fazendo e acabam ficando sem renda. Por isso defendo a cria\u00e7\u00e3o de um decreto proibindo este tipo de financiamento. Muitas vezes, ao fazer este tipo de contrato, o idoso est\u00e1 sendo influenciado por um filho, por um neto, por um vizinho, e mesmo pela financeira com promessas falsas&rdquo;, relatou Farinha.<br \/><\/span><span style=\"letter-spacing: -0.02em; line-height: 1.45em; background-color: initial;\"><br \/>O presidente do conselho municipal tamb\u00e9m chamou a aten\u00e7\u00e3o dos idosos para o planejamento p\u00f3s-aposentadoria. &ldquo;A pessoa da terceira idade precisa saber que ela n\u00e3o morreu ainda, ainda est\u00e1 viva. N\u00e3o \u00e9 porque se aposentou que tudo para&rdquo;, alertou Domingos Farinha. Ele frisa que muitos idosos se retra\u00edram com o advento das novas tecnologias. &ldquo;N\u00f3s idosos, temos como obriga\u00e7\u00e3o sermos o carro-chefe da sociedade, por\u00e9m, existe um problema muito s\u00e9rio que foi o avan\u00e7o da inform\u00e1tica. Ela avan\u00e7ou e o idoso parou no tempo. H\u00e1 necessidade urgente, de qualquer forma, de motivarmos o idoso para que ele tome parte da nova evolu\u00e7\u00e3o&rdquo;, finalizou Farinha.<br \/><\/span><span style=\"letter-spacing: -0.02em; line-height: 1.45em; background-color: initial;\"><br \/><b>Din&acirc;mica<\/b><\/span><span style=\"letter-spacing: -0.02em; line-height: 1.45em; background-color: initial;\"> &#8211; Os presentes na 6\u00aa Confer\u00eancia Municipal da Pessoa Idosa trabalharam distribu\u00eddos em seis grupos tem\u00e1ticos: Grupo 01 &#8211; Conviv\u00eancia familiar e acolhimento institucional; Grupo 02 &#8211; Acessibilidade e mobilidade urbana; Grupo 03 &#8211; Sa\u00fade P\u00fablica e envelhecimento ativo; Grupo 04 &#8211; Sistema de prote\u00e7\u00e3o e viol\u00eancia; Grupo 05 &#8211; Participa\u00e7\u00e3o social protagonismo e empoderamento; Grupo 06 &#8211; Pol\u00edticas setoriais.<\/span><\/p>\n<p><\/p>\n","protected":false},"excerpt":{"rendered":"<p>O presidente do Conselho Municipal da Pessoa Idosa, Domingos Farinha, afirmou que os empr&eacute;stimos consignados s&atilde;o os principais vil&otilde;es da renda destas pessoas<\/p>\n","protected":false},"author":4,"featured_media":0,"comment_status":"closed","ping_status":"closed","sticky":false,"template":"","format":"standard","meta":{"footnotes":""},"categories":[24],"tags":[],"class_list":["post-2424","post","type-post","status-publish","format-standard","hentry","category-noticias"],"acf":[],"_links":{"self":[{"href":"https:\/\/www.apucarana.pr.gov.br\/site\/wp-json\/wp\/v2\/posts\/2424","targetHints":{"allow":["GET"]}}],"collection":[{"href":"https:\/\/www.apucarana.pr.gov.br\/site\/wp-json\/wp\/v2\/posts"}],"about":[{"href":"https:\/\/www.apucarana.pr.gov.br\/site\/wp-json\/wp\/v2\/types\/post"}],"author":[{"embeddable":true,"href":"https:\/\/www.apucarana.pr.gov.br\/site\/wp-json\/wp\/v2\/users\/4"}],"replies":[{"embeddable":true,"href":"https:\/\/www.apucarana.pr.gov.br\/site\/wp-json\/wp\/v2\/comments?post=2424"}],"version-history":[{"count":1,"href":"https:\/\/www.apucarana.pr.gov.br\/site\/wp-json\/wp\/v2\/posts\/2424\/revisions"}],"predecessor-version":[{"id":104455,"href":"https:\/\/www.apucarana.pr.gov.br\/site\/wp-json\/wp\/v2\/posts\/2424\/revisions\/104455"}],"wp:attachment":[{"href":"https:\/\/www.apucarana.pr.gov.br\/site\/wp-json\/wp\/v2\/media?parent=2424"}],"wp:term":[{"taxonomy":"category","embeddable":true,"href":"https:\/\/www.apucarana.pr.gov.br\/site\/wp-json\/wp\/v2\/categories?post=2424"},{"taxonomy":"post_tag","embeddable":true,"href":"https:\/\/www.apucarana.pr.gov.br\/site\/wp-json\/wp\/v2\/tags?post=2424"}],"curies":[{"name":"wp","href":"https:\/\/api.w.org\/{rel}","templated":true}]}}