{"id":2423,"date":"2014-12-08T12:17:00","date_gmt":"2014-12-08T12:17:00","guid":{"rendered":"http:\/\/172.16.0.7\/site-antigo\/?p=2423"},"modified":"2024-10-08T09:09:39","modified_gmt":"2024-10-08T12:09:39","slug":"prefeitos-da-regiao-pedem-voto-para-vitor-e-vanuti","status":"publish","type":"post","link":"https:\/\/www.apucarana.pr.gov.br\/site\/prefeitos-da-regiao-pedem-voto-para-vitor-e-vanuti\/","title":{"rendered":"Prefeitos da regi\u00e3o pedem voto para Vitor e Vanuti"},"content":{"rendered":"<\/p>\n<p><span style=\"letter-spacing: -0.02em; line-height: 1.45em; background-color: initial;\">A dupla Vitor e Vanuti que participa do programa The Voice Brasil, da Rede Globo de Televis\u00e3o, ganhou mais um incentivo para os confrontos finais. Prefeitos do Vale do Iva\u00ed gravaram depoimentos pedindo votos para a dupla, que nesta semana participar\u00e1 de mais uma etapa eliminat\u00f3ria. Os dois estiveram nesta segunda-feira (08\/12) no gabinete do prefeito de Apucarana, Beto Preto, onde ocorreram as grava\u00e7\u00f5es que ser\u00e3o divulgadas nas redes sociais.<\/span><\/p>\n<p><span style=\"letter-spacing: -0.02em; line-height: 1.45em; background-color: initial;\"><a href=\"https:\/\/www.youtube.com\/watch?v=zb9T_nxrUp4&amp;amp;feature=youtu.be\">https:\/\/www.youtube.com\/watch?v=zb9T_nxrUp4&amp;amp;feature=youtu.be<\/a><\/span><\/p>\n<p><span style=\"letter-spacing: -0.02em; line-height: 1.45em; background-color: initial;\"><\/span><span style=\"letter-spacing: -0.02em; line-height: 1.45em; background-color: initial;\">Al\u00e9m de Beto Preto, foram gravados v\u00eddeos com os prefeitos de Calif\u00f3rnia, Ana L\u00facia Mazeto, de Grandes Rios, Toninho Santiago, de S\u00e3o Pedro do Iva\u00ed, Maria Regina Della Rosa Magri, e de Marumbi, Marlon Pini. &ldquo;O Vitor \u00e9 aqui de Apucarana e o Vanuti de Kalor\u00e9. Eles representam a nossa cidade, o Vale do Iva\u00ed e o Paran\u00e1 no programa. Vamos fazer valer a nossa for\u00e7a e vamos votar em Vitor e Vanuti nesta quinta-feira&rdquo;, disse Beto Preto, referindo-se a mais uma etapa eliminat\u00f3ria que acontecer\u00e1 neste dia.<\/span><\/p>\n<p><span style=\"letter-spacing: -0.02em; line-height: 1.45em; background-color: initial;\"><a href=\"https:\/\/www.youtube.com\/watch?v=qdr7QaqGMh4&amp;amp;feature=youtu.be\">https:\/\/www.youtube.com\/watch?v=qdr7QaqGMh4&amp;amp;feature=youtu.be<\/a><\/span><\/p>\n<p><span style=\"letter-spacing: -0.02em; line-height: 1.45em; background-color: initial;\"><a href=\"https:\/\/www.youtube.com\/watch?v=qdr7QaqGMh4&amp;amp;feature=youtu.be\">https:\/\/www.youtube.com\/watch?v=JOi5GrFfcjY&amp;amp;feature=youtu.be<\/a><\/span><\/p>\n<p><span style=\"letter-spacing: -0.02em; line-height: 1.45em; background-color: initial;\"><a href=\"https:\/\/www.youtube.com\/watch?v=qdr7QaqGMh4&amp;amp;feature=youtu.be\">https:\/\/www.youtube.com\/watch?v=8pVRI2Bco1E<br \/><\/a><\/span><\/p>\n<p><span style=\"letter-spacing: -0.02em; line-height: 1.45em; background-color: initial;\"><\/span><span style=\"letter-spacing: -0.02em; line-height: 1.45em; background-color: initial;\">Atualmente, 12 competidores permanecem no programa e a cada nova etapa quatro ser\u00e3o eliminados. Com isso, restar\u00e3o quatro que disputar\u00e3o a grande final no dia 25 de dezembro. &ldquo;Quero parabeniz\u00e1-los pela persist\u00eancia, pela firmeza. &Eacute; uma luta que j\u00e1 vem de muito tempo, seja integrando bandas ou mais recentemente como dupla, at\u00e9 chegar onde est\u00e3o. Desejo que eles avancem ainda mais na carreira, pois isso representa a realiza\u00e7\u00e3o de um sonho profissional e pessoal&rdquo;, frisa Beto Preto.<br \/><\/span><span style=\"letter-spacing: -0.02em; line-height: 1.45em; background-color: initial;\"><br \/>&ldquo;&Eacute; voc\u00eas que mandam. Votem pela Internet ou pelo telefone. E n\u00e3o tem limita\u00e7\u00e3o. Voc\u00eas podem votar quantas vezes quiserem&rdquo;, pede o apucaranense Vitor, que estava acompanhado da esposa Carolina Fonseca Zanchin de Oliveira e do seu pai Den\u00edlson Fernandes de Oliveira (Passarinho) . &ldquo;Quero agradecer toda essa energia que voc\u00eas t\u00eam passado para n\u00f3s. Estamos representando o Vale do Iva\u00ed, o Paran\u00e1, os p\u00e9 vermelho&rdquo;, completa o cantor Vanuti, que \u00e9 de Kalor\u00e9.<br \/><\/span><span style=\"letter-spacing: -0.02em; line-height: 1.45em; background-color: initial;\"><br \/>A visita dos cantores foi tamb\u00e9m acompanhada pelos vereadores Jos\u00e9 Airton Deco de Ara\u00fajo, Luiz Magalh\u00e3es e Ant&ocirc;nio Ananias. Al\u00e9m disso, servidores municipais e f\u00e3s prestigiaram a visita da dupla, registrando o momento com fotografias.<\/span><\/p>\n<p><\/p>\n","protected":false},"excerpt":{"rendered":"<p>Os dois estiveram nesta segunda-feira (08\/12) no gabinete do prefeito de Apucarana, Beto Preto, onde ocorreram as grava&ccedil;&otilde;es que ser&atilde;o divulgadas nas redes sociais<\/p>\n","protected":false},"author":4,"featured_media":0,"comment_status":"closed","ping_status":"closed","sticky":false,"template":"","format":"standard","meta":{"footnotes":""},"categories":[24],"tags":[],"class_list":["post-2423","post","type-post","status-publish","format-standard","hentry","category-noticias"],"acf":[],"_links":{"self":[{"href":"https:\/\/www.apucarana.pr.gov.br\/site\/wp-json\/wp\/v2\/posts\/2423","targetHints":{"allow":["GET"]}}],"collection":[{"href":"https:\/\/www.apucarana.pr.gov.br\/site\/wp-json\/wp\/v2\/posts"}],"about":[{"href":"https:\/\/www.apucarana.pr.gov.br\/site\/wp-json\/wp\/v2\/types\/post"}],"author":[{"embeddable":true,"href":"https:\/\/www.apucarana.pr.gov.br\/site\/wp-json\/wp\/v2\/users\/4"}],"replies":[{"embeddable":true,"href":"https:\/\/www.apucarana.pr.gov.br\/site\/wp-json\/wp\/v2\/comments?post=2423"}],"version-history":[{"count":1,"href":"https:\/\/www.apucarana.pr.gov.br\/site\/wp-json\/wp\/v2\/posts\/2423\/revisions"}],"predecessor-version":[{"id":104457,"href":"https:\/\/www.apucarana.pr.gov.br\/site\/wp-json\/wp\/v2\/posts\/2423\/revisions\/104457"}],"wp:attachment":[{"href":"https:\/\/www.apucarana.pr.gov.br\/site\/wp-json\/wp\/v2\/media?parent=2423"}],"wp:term":[{"taxonomy":"category","embeddable":true,"href":"https:\/\/www.apucarana.pr.gov.br\/site\/wp-json\/wp\/v2\/categories?post=2423"},{"taxonomy":"post_tag","embeddable":true,"href":"https:\/\/www.apucarana.pr.gov.br\/site\/wp-json\/wp\/v2\/tags?post=2423"}],"curies":[{"name":"wp","href":"https:\/\/api.w.org\/{rel}","templated":true}]}}