{"id":2422,"date":"2014-12-05T18:33:00","date_gmt":"2014-12-05T18:33:00","guid":{"rendered":"http:\/\/172.16.0.7\/site-antigo\/?p=2422"},"modified":"2024-10-08T09:09:39","modified_gmt":"2024-10-08T12:09:39","slug":"homens-protagonizam-ato-pubico-pelo-fim-da-violencia-contra-a-mulher","status":"publish","type":"post","link":"https:\/\/www.apucarana.pr.gov.br\/site\/homens-protagonizam-ato-pubico-pelo-fim-da-violencia-contra-a-mulher\/","title":{"rendered":"Homens protagonizam ato p\u00fabico pelo fim da viol\u00eancia contra a mulher"},"content":{"rendered":"<p><p><span style=\"letter-spacing: -0.02em; line-height: 1.45em; background-color: initial;\">Em mais uma a\u00e7\u00e3o dentro da campanha &ldquo;16 Dias de Ativismo pelo Fim da Viol\u00eancia contra a Mulher&rdquo;, homens que trabalham da Secret\u00e1ria da Mulher e Assuntos da Fam\u00edlia e do Centro Qualifica\u00e7\u00e3o Total realizaram hoje (5) um ato p\u00fablico no plat&ocirc; da Pra\u00e7a Rui Barbosa denominado &ldquo;La\u00e7o Branco&rdquo;. O evento que transcorreu durante todo o dia com a distribui\u00e7\u00e3o de la\u00e7o branco e de quase mil folhetos sobre o tema e uma cartilha da Lei Maria da Penha, teve como ponto alto a simula\u00e7\u00e3o de um ato de agress\u00e3o psicol\u00f3gica contra a mulher.<\/span><\/p>\n<p>A encena\u00e7\u00e3o demonstrando a agress\u00e3o verbal do marido contra a mulher atingiu objetivo de chamar a aten\u00e7\u00e3o das pessoas que circulavam pela Pra\u00e7a Rui Barbosa, com manifesta\u00e7\u00e3o de indigna\u00e7\u00e3o por parte de v\u00e1rios transeuntes. A Campanha Brasileira do La\u00e7o Branco tem como objetivo sensibilizar, envolver e mobilizar os homens no engajamento pelo fim da viol\u00eancia contra a mulher. <\/p>\n<p>&ldquo;Essa \u00e9 uma a\u00e7\u00e3o concreta de n\u00f3s homens e servidores municipais visando dar um basta aos casos de viol\u00eancia contra mulher&rdquo;, disse o diretor do Centro de Qualifica\u00e7\u00e3o Total, Francisco Arrebola. A iniciativa desenvolvida no plat&ocirc; da Pra\u00e7a Rui Barbosa teve ainda outro tipo de manifesta\u00e7\u00e3o, quando homens voluntariamente deixaram uma marca de tinta de suas m\u00e3os num grande painel, simbolizando o gesto &ldquo;basta&rdquo;. Al\u00e9m de populares, protagonizaram o gesto um grupo de alunos do Col\u00e9gio Estadual Nilo Cairo, representantes da Pol\u00edcia Militar, Guarda Municipal, Corpo de Bombeiros, do Ex\u00e9rcito e do executivo municipal. Tendo \u00e0 frente a Secretaria da Mulher e Assuntos da Fam\u00edlia, a programa\u00e7\u00e3o da campanha &ldquo;16 Dias de Ativismo pelo Fim da Viol\u00eancia contra a Mulher&rdquo;, teve in\u00edcio dia 20 de novembro e segue at\u00e9 o pr\u00f3ximo dia 10.<\/p>\n<p><b>Origem da campanha La\u00e7o Branco<\/b><\/p>\n<p>Campanha La\u00e7o Branco surgiu a partir de um triste epis\u00f3dio. No dia 6 de dezembro de 1989, um rapaz de 25 anos (Marc Lepine) invadiu uma sala de aula da Escola Polit\u00e9cnica, na cidade de Monteral, Canad\u00e1. Ele ordenou que os homens (aproximadamente 48) se retirassem da sala, permanecendo somente as mulheres. Gritando: &#8220;voc\u00ea s\u00e3o todas feministas!?&#8221;, ele come\u00e7ou a atirar e assassinou 14 mulheres, \u00e0 queima roupa. Em seguida, suicidou-se. <\/p>\n<p><span>O rapaz deixou uma carta na qual afirmava que havia feito aquilo porque n\u00e3o suportava a id\u00e9ia de ver mulheres estudando engenharia, um curso tradicionalmente dirigido ao p\u00fablico masculino. O crime mobilizou a opini\u00e3o p\u00fablica de todo o pa\u00eds, onde um grupo de homens decidiu se organizar para dizer que existem homens que cometem a viol\u00eancia contra a mulher, mas existem tamb\u00e9m aqueles que repudiam essa atitude. Eles elegeram o la\u00e7o branco como s\u00edmbolo e adotaram como lema: jamais cometer um ato violento contra as mulheres e n\u00e3o fechar os olhos frente a essa viol\u00eancia.<br \/> <\/span><\/p>\n<p><\/p>\n","protected":false},"excerpt":{"rendered":"<p>Campanha La&ccedil;o Branco foi realizada hoje no plat&ocirc; da Pra&ccedil;a Rui Barbosa<\/p>\n","protected":false},"author":4,"featured_media":0,"comment_status":"closed","ping_status":"closed","sticky":false,"template":"","format":"standard","meta":{"footnotes":""},"categories":[24],"tags":[],"class_list":["post-2422","post","type-post","status-publish","format-standard","hentry","category-noticias"],"acf":[],"_links":{"self":[{"href":"https:\/\/www.apucarana.pr.gov.br\/site\/wp-json\/wp\/v2\/posts\/2422","targetHints":{"allow":["GET"]}}],"collection":[{"href":"https:\/\/www.apucarana.pr.gov.br\/site\/wp-json\/wp\/v2\/posts"}],"about":[{"href":"https:\/\/www.apucarana.pr.gov.br\/site\/wp-json\/wp\/v2\/types\/post"}],"author":[{"embeddable":true,"href":"https:\/\/www.apucarana.pr.gov.br\/site\/wp-json\/wp\/v2\/users\/4"}],"replies":[{"embeddable":true,"href":"https:\/\/www.apucarana.pr.gov.br\/site\/wp-json\/wp\/v2\/comments?post=2422"}],"version-history":[{"count":1,"href":"https:\/\/www.apucarana.pr.gov.br\/site\/wp-json\/wp\/v2\/posts\/2422\/revisions"}],"predecessor-version":[{"id":104458,"href":"https:\/\/www.apucarana.pr.gov.br\/site\/wp-json\/wp\/v2\/posts\/2422\/revisions\/104458"}],"wp:attachment":[{"href":"https:\/\/www.apucarana.pr.gov.br\/site\/wp-json\/wp\/v2\/media?parent=2422"}],"wp:term":[{"taxonomy":"category","embeddable":true,"href":"https:\/\/www.apucarana.pr.gov.br\/site\/wp-json\/wp\/v2\/categories?post=2422"},{"taxonomy":"post_tag","embeddable":true,"href":"https:\/\/www.apucarana.pr.gov.br\/site\/wp-json\/wp\/v2\/tags?post=2422"}],"curies":[{"name":"wp","href":"https:\/\/api.w.org\/{rel}","templated":true}]}}