{"id":2421,"date":"2014-12-08T14:53:00","date_gmt":"2014-12-08T14:53:00","guid":{"rendered":"http:\/\/172.16.0.7\/site-antigo\/?p=2421"},"modified":"2024-10-08T09:09:39","modified_gmt":"2024-10-08T12:09:39","slug":"cadeirantes-de-apucarana-sao-beneficiados-por-programa-federal","status":"publish","type":"post","link":"https:\/\/www.apucarana.pr.gov.br\/site\/cadeirantes-de-apucarana-sao-beneficiados-por-programa-federal\/","title":{"rendered":"Cadeirantes de Apucarana s\u00e3o beneficiados por programa federal"},"content":{"rendered":"<p><p><span style=\"letter-spacing: -0.02em; line-height: 1.45em; background-color: initial;\">Representando o prefeito Beto Preto (PT), o diretor-presidente da Autarquia Municipal de Sa\u00fade (AMS), enfermeiro Roberto Kaneta, participou nesta sexta-feira (05\/12), na sede da Associa\u00e7\u00e3o dos Deficientes F\u00edsicos de Apucarana (Adefiap), da entrega de mais oito cadeiras de rodas motorizadas a apucaranenses inscritos no programa federal &ldquo;Viver sem Limites&rdquo;.<br \/><\/span><span style=\"letter-spacing: -0.02em; line-height: 1.45em; background-color: initial;\"><br \/>Criado em 2011, a iniciativa integra o Plano Nacional dos Direitos da Pessoa com Defici\u00eancia e visa fomentar programas e outras a\u00e7\u00f5es no sentido de garantir autonomia, liberdade e independ\u00eancia deficientes f\u00edsicos brasileiros. &ldquo;&Eacute; um compromisso do prefeito Beto Preto (PT) viabilizarmos o maior n\u00famero poss\u00edvel de cadeiras, e \u00e9 neste sentido que atuamos em Apucarana nesta parceria com a Adefiap. Este \u00e9 um importante programa que proporciona melhor qualidade de vida aos beneficiados&rdquo;, ressalta Kaneta.<br \/><\/span><span style=\"letter-spacing: -0.02em; line-height: 1.45em; background-color: initial;\"><br \/>Cada cadeira motorizada custa em torno R$5 mil, e a verba \u00e9 liberada pelo Governo Federal via Fundo Municipal da Sa\u00fade. No final de novembro, outros oito cadeirantes de Apucarana j\u00e1 haviam sido contemplados pelo programa.<br \/><\/span><span style=\"letter-spacing: -0.02em; line-height: 1.45em; background-color: initial;\"><br \/>Na parceria, a Adefiap, entidade vinculada ao Sistema &Uacute;nico de Sa\u00fade (SUS), \u00e9 respons\u00e1vel pelo cadastro dos interessados, solicita\u00e7\u00e3o, compra e repasse da cadeira. &ldquo;J\u00e1 a Autarquia de Sa\u00fade atua no tr&acirc;mite burocr\u00e1tico, avalia\u00e7\u00e3o e an\u00e1lise da necessidade, e intermedia\u00e7\u00e3o para libera\u00e7\u00e3o dos recursos federais&rdquo;, explica o diretor-presidente da AMS. De acordo com ele, al\u00e9m de cadeiras motorizadas, o &ldquo;Viver sem Limites&rdquo; fornece ainda cadeiras convencionais e de banho aos cadeirantes.<br \/><\/span><span style=\"letter-spacing: -0.02em; line-height: 1.45em; background-color: initial;\"><br \/>Segundo resultados divulgados pelo IBGE, do Censo 2010, o Brasil possui 45,6 milh\u00f5es de pessoas com alguma defici\u00eancia, o que representa 23,91% da popula\u00e7\u00e3o.Cadeirantes interessados em cadastrar no programa podem procurar a Adefiap, que funciona na Rua Ponta Grossa, 821 &ndash; Telefone: 3423-2822.<\/span><\/p><\/p>\n","protected":false},"excerpt":{"rendered":"<p>Segundo resultados divulgados pelo IBGE, do Censo 2010, o Brasil possui 45,6 milh&otilde;es de pessoas com alguma defici&ecirc;ncia<\/p>\n","protected":false},"author":4,"featured_media":0,"comment_status":"closed","ping_status":"closed","sticky":false,"template":"","format":"standard","meta":{"footnotes":""},"categories":[24],"tags":[],"class_list":["post-2421","post","type-post","status-publish","format-standard","hentry","category-noticias"],"acf":[],"_links":{"self":[{"href":"https:\/\/www.apucarana.pr.gov.br\/site\/wp-json\/wp\/v2\/posts\/2421","targetHints":{"allow":["GET"]}}],"collection":[{"href":"https:\/\/www.apucarana.pr.gov.br\/site\/wp-json\/wp\/v2\/posts"}],"about":[{"href":"https:\/\/www.apucarana.pr.gov.br\/site\/wp-json\/wp\/v2\/types\/post"}],"author":[{"embeddable":true,"href":"https:\/\/www.apucarana.pr.gov.br\/site\/wp-json\/wp\/v2\/users\/4"}],"replies":[{"embeddable":true,"href":"https:\/\/www.apucarana.pr.gov.br\/site\/wp-json\/wp\/v2\/comments?post=2421"}],"version-history":[{"count":1,"href":"https:\/\/www.apucarana.pr.gov.br\/site\/wp-json\/wp\/v2\/posts\/2421\/revisions"}],"predecessor-version":[{"id":104456,"href":"https:\/\/www.apucarana.pr.gov.br\/site\/wp-json\/wp\/v2\/posts\/2421\/revisions\/104456"}],"wp:attachment":[{"href":"https:\/\/www.apucarana.pr.gov.br\/site\/wp-json\/wp\/v2\/media?parent=2421"}],"wp:term":[{"taxonomy":"category","embeddable":true,"href":"https:\/\/www.apucarana.pr.gov.br\/site\/wp-json\/wp\/v2\/categories?post=2421"},{"taxonomy":"post_tag","embeddable":true,"href":"https:\/\/www.apucarana.pr.gov.br\/site\/wp-json\/wp\/v2\/tags?post=2421"}],"curies":[{"name":"wp","href":"https:\/\/api.w.org\/{rel}","templated":true}]}}