{"id":2420,"date":"2014-12-05T16:52:00","date_gmt":"2014-12-05T16:52:00","guid":{"rendered":"http:\/\/172.16.0.7\/site-antigo\/?p=2420"},"modified":"2024-10-08T09:09:39","modified_gmt":"2024-10-08T12:09:39","slug":"operacao-vai-reforcar-seguranca-nas-festividades-de-final-de-ano","status":"publish","type":"post","link":"https:\/\/www.apucarana.pr.gov.br\/site\/operacao-vai-reforcar-seguranca-nas-festividades-de-final-de-ano\/","title":{"rendered":"Opera\u00e7\u00e3o vai refor\u00e7ar seguran\u00e7a nas festividades de final de ano"},"content":{"rendered":"<p><p><span style=\"letter-spacing: -0.02em; line-height: 1.45em; background-color: initial;\">O esquema de seguran\u00e7a p\u00fablica para o per\u00edodo de Natal e Ano Novo, \u00e9poca em que tradicionalmente h\u00e1 grande movimento no com\u00e9rcio local, foi definido nesta sexta-feira (05\/12) em Apucarana. O assunto foi tratado em encontro realizado no 10\u00ba Batalh\u00e3o da Pol\u00edcia Militar do Paran\u00e1 (10\u00ba BPM), onde participaram o comandante do 10\u00ba BPM, tenente-coronel Aimor\u00e9 Nunes Moreira, o comandante da Guarda Municipal de Apucarana (GMA), Ata\u00edde Pantale\u00e3o, e os sargentos da PM, Rodrigo e Galdino.<br \/><\/span><span style=\"letter-spacing: -0.02em; line-height: 1.45em; background-color: initial;\"><br \/>A chamada &ldquo;Opera\u00e7\u00e3o de Seguran\u00e7a Natal\/Ano Novo&rdquo; vai vigorar a partir da pr\u00f3xima quarta-feira (10\/12) e segue at\u00e9 o dia 24, per\u00edodo em que o com\u00e9rcio vai funcionar em regime especial. &ldquo;As a\u00e7\u00f5es t\u00eam car\u00e1ter preventivo e visam dar maior tranquilidade \u00e0 popula\u00e7\u00e3o neste per\u00edodo, onde teremos um grande fluxo de pessoas n\u00e3o s\u00f3 da cidade, mas tamb\u00e9m de toda a regi\u00e3o do Vale do Iva\u00ed&rdquo;, destaca Pantale\u00e3o.<br \/><\/span><span style=\"letter-spacing: -0.02em; line-height: 1.45em; background-color: initial;\"><br \/>De forma conjunta, Pol\u00edcia Militar e Guarda Municipal v\u00e3o posicionar viaturas e agentes em locais estrat\u00e9gicos do quadril\u00e1tero central e ruas paralelas. &ldquo;A PM tamb\u00e9m vai atuar com rondas pelos bairros, acompanhando a movimenta\u00e7\u00e3o e dando seguran\u00e7a \u00e0s pessoas que se deslocam para o centro realizar suas compras ou simplesmente passear&rdquo;, explicou o comandante da GMA.<br \/><\/span><span style=\"letter-spacing: -0.02em; line-height: 1.45em; background-color: initial;\"><br \/>O prefeito Beto Preto (PT) lembra que seguran\u00e7a p\u00fablica \u00e9 algo que deve ser constru\u00eddo com a participa\u00e7\u00e3o de todos. &ldquo;Al\u00e9m de permanecerem alertas, as pessoas devem acionar a PM ou a Guarda Municipal sempre que observarem uma ou mais pessoas em atitude suspeita. Uma abordagem antecipada pode evitar muitos crimes&rdquo;, orienta o prefeito. O contato com a PM \u00e9 pelo telefone 190 e com a GMA pelo 3422-7344.<\/span><\/p>\n<p><\/p>\n","protected":false},"excerpt":{"rendered":"<p>A chamada &ldquo;Opera&ccedil;&atilde;o de Seguran&ccedil;a Natal\/Ano Novo&rdquo; vai vigorar a partir da pr&oacute;xima quarta-feira (10\/12) e segue at&eacute; o dia 24, per&iacute;odo em que o com&eacute;rcio vai funcionar em regime especial<\/p>\n","protected":false},"author":4,"featured_media":0,"comment_status":"closed","ping_status":"closed","sticky":false,"template":"","format":"standard","meta":{"footnotes":""},"categories":[24],"tags":[],"class_list":["post-2420","post","type-post","status-publish","format-standard","hentry","category-noticias"],"acf":[],"_links":{"self":[{"href":"https:\/\/www.apucarana.pr.gov.br\/site\/wp-json\/wp\/v2\/posts\/2420","targetHints":{"allow":["GET"]}}],"collection":[{"href":"https:\/\/www.apucarana.pr.gov.br\/site\/wp-json\/wp\/v2\/posts"}],"about":[{"href":"https:\/\/www.apucarana.pr.gov.br\/site\/wp-json\/wp\/v2\/types\/post"}],"author":[{"embeddable":true,"href":"https:\/\/www.apucarana.pr.gov.br\/site\/wp-json\/wp\/v2\/users\/4"}],"replies":[{"embeddable":true,"href":"https:\/\/www.apucarana.pr.gov.br\/site\/wp-json\/wp\/v2\/comments?post=2420"}],"version-history":[{"count":1,"href":"https:\/\/www.apucarana.pr.gov.br\/site\/wp-json\/wp\/v2\/posts\/2420\/revisions"}],"predecessor-version":[{"id":104459,"href":"https:\/\/www.apucarana.pr.gov.br\/site\/wp-json\/wp\/v2\/posts\/2420\/revisions\/104459"}],"wp:attachment":[{"href":"https:\/\/www.apucarana.pr.gov.br\/site\/wp-json\/wp\/v2\/media?parent=2420"}],"wp:term":[{"taxonomy":"category","embeddable":true,"href":"https:\/\/www.apucarana.pr.gov.br\/site\/wp-json\/wp\/v2\/categories?post=2420"},{"taxonomy":"post_tag","embeddable":true,"href":"https:\/\/www.apucarana.pr.gov.br\/site\/wp-json\/wp\/v2\/tags?post=2420"}],"curies":[{"name":"wp","href":"https:\/\/api.w.org\/{rel}","templated":true}]}}