{"id":2419,"date":"2014-12-05T15:29:59","date_gmt":"2014-12-05T15:29:59","guid":{"rendered":"http:\/\/172.16.0.7\/site-antigo\/?p=2419"},"modified":"2024-10-08T09:09:39","modified_gmt":"2024-10-08T12:09:39","slug":"polo-da-uab-inscreve-para-nova-especializacao-na-area-educacional","status":"publish","type":"post","link":"https:\/\/www.apucarana.pr.gov.br\/site\/polo-da-uab-inscreve-para-nova-especializacao-na-area-educacional\/","title":{"rendered":"Polo da UAB inscreve para nova especializa\u00e7\u00e3o na \u00e1rea educacional"},"content":{"rendered":"<p><p><span style=\"letter-spacing: -0.02em; line-height: 1.45em; background-color: initial;\">A coordena\u00e7\u00e3o do Polo Presencial da Universidade Aberta do Brasil (UAB), em Apucarana, comunica que est\u00e3o abertas, at\u00e9 o dia 15 de janeiro, exclusivamente pela internet, as inscri\u00e7\u00f5es para o curso de especializa\u00e7\u00e3o em Coordena\u00e7\u00e3o Pedag\u00f3gica pela Universidade Federal do Paran\u00e1 (UFPR). A oportunidade \u00e9 destinada aos profissionais graduados em licenciatura plena, em qualquer \u00e1rea do conhecimento, que integrem a equipe de coordena\u00e7\u00e3o das escolas, pedagogos ou profissionais que exercem fun\u00e7\u00e3o equivalente, em exerc\u00edcio, na rede estadual ou nas redes municipais de ensino do Paran\u00e1.<br \/><\/span><span style=\"letter-spacing: -0.02em; line-height: 1.45em; background-color: initial;\"><br \/>&ldquo;Os interessados devem acessar o blog <\/span><a href=\"http:\/\/poloapucarana.blogspot.com.br\/\" style=\"letter-spacing: -0.02em; line-height: 1.45em; background-color: initial;\">http:\/\/poloapucarana.blogspot.com.br<\/a><span style=\"letter-spacing: -0.02em; line-height: 1.45em; background-color: initial;\">, onde h\u00e1 encaminhamento para o link de inscri\u00e7\u00e3o e edital completo do processo seletivo&rdquo;, orienta professora Sueli Gomes, coordenadora do Polo.<br \/><\/span><span style=\"letter-spacing: -0.02em; line-height: 1.45em; background-color: initial;\"><br \/>A forma\u00e7\u00e3o \u00e9 gratuita e objetiva formar, em n\u00edvel de p\u00f3s-gradua\u00e7\u00e3o lato sensu, coordenadores pedag\u00f3gicos, pedagogos ou profissionais que exercem fun\u00e7\u00e3o equivalente e atuam em escolas p\u00fablicas de educa\u00e7\u00e3o b\u00e1sica. &ldquo;Com isto ampliar junto a estes profissionais capacidades de an\u00e1lise e resolu\u00e7\u00e3o de problemas, elabora\u00e7\u00e3o e desenvolvimento de projetos e atividades no &acirc;mbito da organiza\u00e7\u00e3o do trabalho pedag\u00f3gico e do processo de ensino-aprendizagem&rdquo;, diz a coordenadora.<br \/><\/span><span style=\"letter-spacing: -0.02em; line-height: 1.45em; background-color: initial;\"><br \/>O in\u00edcio do curso est\u00e1 previsto para fevereiro e ter\u00e1 dura\u00e7\u00e3o de 12 meses mais seis meses para a elabora\u00e7\u00e3o do Trabalho de Conclus\u00e3o de Curso (TCC), na modalidade \u00e0 dist&acirc;ncia, envolvendo sete encontros presenciais nos respectivos polos, mais um encontro inicial e um final na UFPR em Curitiba.<br \/><\/span><span style=\"letter-spacing: -0.02em; line-height: 1.45em; background-color: initial;\"><br \/>O resultado da sele\u00e7\u00e3o ser\u00e1 divulgado atrav\u00e9s do site <\/span><a href=\"http:\/\/www.nupe.ufpr.br\" style=\"letter-spacing: -0.02em; line-height: 1.45em; background-color: initial;\">www.nupe.ufpr.br<\/a><span style=\"letter-spacing: -0.02em; line-height: 1.45em; background-color: initial;\"> e <\/span><a href=\"http:\/\/www.cipead.ufpr.br\" style=\"letter-spacing: -0.02em; line-height: 1.45em; background-color: initial;\">www.cipead.ufpr.br<\/a><span style=\"letter-spacing: -0.02em; line-height: 1.45em; background-color: initial;\"> a partir do dia 22 de janeiro de 2015, constando a lista de aprovados, bem como a orienta\u00e7\u00e3o sobre a matr\u00edcula no curso e in\u00edcio das atividades.<\/span><\/p><\/p>\n","protected":false},"excerpt":{"rendered":"<p>Oportunidade &eacute; destinada aos profissionais graduados em licenciatura plena, em qualquer &aacute;rea do conhecimento, que integrem a equipe de coordena&ccedil;&atilde;o das escolas p&uacute;blicas<\/p>\n","protected":false},"author":4,"featured_media":0,"comment_status":"closed","ping_status":"closed","sticky":false,"template":"","format":"standard","meta":{"footnotes":""},"categories":[24],"tags":[],"class_list":["post-2419","post","type-post","status-publish","format-standard","hentry","category-noticias"],"acf":[],"_links":{"self":[{"href":"https:\/\/www.apucarana.pr.gov.br\/site\/wp-json\/wp\/v2\/posts\/2419","targetHints":{"allow":["GET"]}}],"collection":[{"href":"https:\/\/www.apucarana.pr.gov.br\/site\/wp-json\/wp\/v2\/posts"}],"about":[{"href":"https:\/\/www.apucarana.pr.gov.br\/site\/wp-json\/wp\/v2\/types\/post"}],"author":[{"embeddable":true,"href":"https:\/\/www.apucarana.pr.gov.br\/site\/wp-json\/wp\/v2\/users\/4"}],"replies":[{"embeddable":true,"href":"https:\/\/www.apucarana.pr.gov.br\/site\/wp-json\/wp\/v2\/comments?post=2419"}],"version-history":[{"count":1,"href":"https:\/\/www.apucarana.pr.gov.br\/site\/wp-json\/wp\/v2\/posts\/2419\/revisions"}],"predecessor-version":[{"id":104460,"href":"https:\/\/www.apucarana.pr.gov.br\/site\/wp-json\/wp\/v2\/posts\/2419\/revisions\/104460"}],"wp:attachment":[{"href":"https:\/\/www.apucarana.pr.gov.br\/site\/wp-json\/wp\/v2\/media?parent=2419"}],"wp:term":[{"taxonomy":"category","embeddable":true,"href":"https:\/\/www.apucarana.pr.gov.br\/site\/wp-json\/wp\/v2\/categories?post=2419"},{"taxonomy":"post_tag","embeddable":true,"href":"https:\/\/www.apucarana.pr.gov.br\/site\/wp-json\/wp\/v2\/tags?post=2419"}],"curies":[{"name":"wp","href":"https:\/\/api.w.org\/{rel}","templated":true}]}}