{"id":2418,"date":"2014-12-05T11:44:00","date_gmt":"2014-12-05T11:44:00","guid":{"rendered":"http:\/\/172.16.0.7\/site-antigo\/?p=2418"},"modified":"2024-10-08T09:09:39","modified_gmt":"2024-10-08T12:09:39","slug":"rua-irma-eleoteria-e-recuperada-com-lama-asfaltica","status":"publish","type":"post","link":"https:\/\/www.apucarana.pr.gov.br\/site\/rua-irma-eleoteria-e-recuperada-com-lama-asfaltica\/","title":{"rendered":"Rua Irm\u00e3 Eleot\u00e9ria \u00e9 recuperada com lama asf\u00e1ltica"},"content":{"rendered":"<\/p>\n<p>Com equipe e recursos pr\u00f3prios, a Prefeitura de Apucarana est\u00e1 levando melhorias \u00e0 Rua Irm\u00e3 Eleot\u00e9ria, na \u00e1rea central. A via, que faz a liga\u00e7\u00e3o com a regi\u00e3o do Lago Jaboti, tamb\u00e9m est\u00e1 localizada nas imedia\u00e7\u00f5es de tr\u00eas col\u00e9gios, recebendo grande fluxo de ve\u00edculos e pedestres. &ldquo;Atendendo determina\u00e7\u00e3o do prefeito Beto Preto, estamos fazendo a recupera\u00e7\u00e3o com a aplica\u00e7\u00e3o da lama asf\u00e1ltica em duas quadras, entre a Pra\u00e7a Interventor Manoel Ribas e a Rua Erasto Gaertner&rdquo;, explica o engenheiro Eduardo Mendon\u00e7a, da Secretaria Municipal de Obras.<\/p>\n<p>Conforme Mendon\u00e7a, o trecho estava bastante deteriorado e a \u00e1rea recuperada \u00e9 de cerca de 2 mil metros quadrados. &ldquo;Deslocamos para essa regi\u00e3o da cidade uma equipe composta por 10 oper\u00e1rios, dois caminh\u00f5es, um rolo compactador e um caminh\u00e3o pipa&rdquo;, relata, lembrando que na semana que vem est\u00e1 prevista a recupera\u00e7\u00e3o, tamb\u00e9m com a aplica\u00e7\u00e3o de uma camada de lama asf\u00e1ltica, de um trecho da Rua Pernambuco, localizada no Jardim Apucarana (proximidades do Muffato).<\/p>\n<p><\/p>\n","protected":false},"excerpt":{"rendered":"<p>Via fica nas imedia&ccedil;&otilde;es de tr&ecirc;s col&eacute;gios, recebendo grande fluxo de ve&iacute;culos e pedestres<\/p>\n","protected":false},"author":4,"featured_media":0,"comment_status":"closed","ping_status":"closed","sticky":false,"template":"","format":"standard","meta":{"footnotes":""},"categories":[24],"tags":[],"class_list":["post-2418","post","type-post","status-publish","format-standard","hentry","category-noticias"],"acf":[],"_links":{"self":[{"href":"https:\/\/www.apucarana.pr.gov.br\/site\/wp-json\/wp\/v2\/posts\/2418","targetHints":{"allow":["GET"]}}],"collection":[{"href":"https:\/\/www.apucarana.pr.gov.br\/site\/wp-json\/wp\/v2\/posts"}],"about":[{"href":"https:\/\/www.apucarana.pr.gov.br\/site\/wp-json\/wp\/v2\/types\/post"}],"author":[{"embeddable":true,"href":"https:\/\/www.apucarana.pr.gov.br\/site\/wp-json\/wp\/v2\/users\/4"}],"replies":[{"embeddable":true,"href":"https:\/\/www.apucarana.pr.gov.br\/site\/wp-json\/wp\/v2\/comments?post=2418"}],"version-history":[{"count":1,"href":"https:\/\/www.apucarana.pr.gov.br\/site\/wp-json\/wp\/v2\/posts\/2418\/revisions"}],"predecessor-version":[{"id":104462,"href":"https:\/\/www.apucarana.pr.gov.br\/site\/wp-json\/wp\/v2\/posts\/2418\/revisions\/104462"}],"wp:attachment":[{"href":"https:\/\/www.apucarana.pr.gov.br\/site\/wp-json\/wp\/v2\/media?parent=2418"}],"wp:term":[{"taxonomy":"category","embeddable":true,"href":"https:\/\/www.apucarana.pr.gov.br\/site\/wp-json\/wp\/v2\/categories?post=2418"},{"taxonomy":"post_tag","embeddable":true,"href":"https:\/\/www.apucarana.pr.gov.br\/site\/wp-json\/wp\/v2\/tags?post=2418"}],"curies":[{"name":"wp","href":"https:\/\/api.w.org\/{rel}","templated":true}]}}