{"id":2417,"date":"2014-12-05T09:56:59","date_gmt":"2014-12-05T09:56:59","guid":{"rendered":"http:\/\/172.16.0.7\/site-antigo\/?p=2417"},"modified":"2024-10-08T09:09:39","modified_gmt":"2024-10-08T12:09:39","slug":"festival-de-artes-marciais-reune-700-alunos-da-rede-municipal","status":"publish","type":"post","link":"https:\/\/www.apucarana.pr.gov.br\/site\/festival-de-artes-marciais-reune-700-alunos-da-rede-municipal\/","title":{"rendered":"Festival de artes marciais re\u00fane 700 alunos da rede municipal"},"content":{"rendered":"<p><p>O ano de 2014 foi marcado pela amplia\u00e7\u00e3o das modalidades de artes marciais na rede municipal de ensino. Al\u00e9m do karat\u00ea, que j\u00e1 era oferecido, houve a inclus\u00e3o do kung-fu e da capoeira. O ponto marcante da atividade aconteceu no \u00faltimo final de semana, com a realiza\u00e7\u00e3o do 2\u00ba Festival de Artes Marciais, que reuniu cerca de 700 alunos da rede municipal de ensino.<\/p>\n<p>O evento, realizado no Centro da Juventude Alex Mazaron, reuniu alunos que se destacaram em cada uma das 36 escolas municipais. &ldquo;Realizamos neste ano uma licita\u00e7\u00e3o, vencida pela Academia AKA Artes Marciais. Com isso, aumentamos o n\u00famero de modalidades e levamos a atividade para 7.800 alunos, incluindo escolas localizadas nos distritos e o ensino pr\u00e9-escolar&rdquo;, frisa o prefeito de Apucarana, Beto Preto.<\/p>\n<p>As aulas de artes marciais s\u00e3o levadas uma vez por semana \u00e0s escolas, atrav\u00e9s de uma parceria entre a Academia AKA, Autarquia Municipal de Educa\u00e7\u00e3o (AME) e Secretaria Municipal de Esportes e Lazer. &ldquo;O festival, que teve duas edi\u00e7\u00f5es neste ano, marca uma demonstra\u00e7\u00e3o festiva dos resultados obtidos com o projeto. H\u00e1 ainda um grupo especial, composto pelos alunos que mais se destacam na atividade, que treina com maior intensidade e at\u00e9 participa de competi\u00e7\u00f5es representando Apucarana&rdquo;, relata o secret\u00e1rio municipal de Esportes e Lazer, Paulo Kisner (Paul\u00e3o).<\/p>\n<p>De acordo com a diretora-presidente da AME, Marli Regina Fernandes da Silva, as artes marciais ca\u00edram no gosto das crian\u00e7as e tamb\u00e9m t\u00eam amplo respaldo dos pais. &ldquo;&Eacute; uma atividade que melhora a conviv\u00eancia entre os alunos e, como houve neste ano a amplia\u00e7\u00e3o das modalidades, as artes marciais s\u00e3o trabalhadas no sistema de rod\u00edzio, altern&acirc;ncia que \u00e9 muito produtiva&rdquo;, avalia.<\/p>\n<p>O trabalho na rede municipal de ensino j\u00e1 vem rendendo bons frutos. De acordo com o multicampe\u00e3o de karat\u00ea e coordenador do programa, Alan Pereira, alunos que participam das atividades nas escolas conquistaram recentemente medalhas de ouro em importantes competi\u00e7\u00f5es. &ldquo;Foi no Campeonato Zonal Sul Sudeste de Karat\u00ea, de abrang\u00eancia nacional, e na Ta\u00e7a Paran\u00e1&rdquo;, cita Alan Pereira. &ldquo;Existem muitos talentos na rede municipal de ensino e pretendemos formar uma equipe maior para participar de competi\u00e7\u00f5es&rdquo;, completa. <\/p>\n<p>Conforme Alan Pereira, as aulas s\u00e3o ministradas nas escolas por 20 professores de artes marciais, que tamb\u00e9m est\u00e3o sentindo reflexos positivos pelo novo momento vivido pelo esporte. &ldquo;Apucarana ficou por 13 anos fora dos Jogos da Juventude e neste ano foi representada no karat\u00ea, conquistando medalhas. Isso \u00e9 fruto de todo um trabalho, do resgate que est\u00e1 sendo feito&rdquo;, frisa. <\/p>\n<p><\/p>\n","protected":false},"excerpt":{"rendered":"<p>Munic&iacute;pio oferece nas escolas aulas de kaarat&ecirc;, kung-fu e capoeira<\/p>\n","protected":false},"author":4,"featured_media":0,"comment_status":"closed","ping_status":"closed","sticky":false,"template":"","format":"standard","meta":{"footnotes":""},"categories":[24],"tags":[],"class_list":["post-2417","post","type-post","status-publish","format-standard","hentry","category-noticias"],"acf":[],"_links":{"self":[{"href":"https:\/\/www.apucarana.pr.gov.br\/site\/wp-json\/wp\/v2\/posts\/2417","targetHints":{"allow":["GET"]}}],"collection":[{"href":"https:\/\/www.apucarana.pr.gov.br\/site\/wp-json\/wp\/v2\/posts"}],"about":[{"href":"https:\/\/www.apucarana.pr.gov.br\/site\/wp-json\/wp\/v2\/types\/post"}],"author":[{"embeddable":true,"href":"https:\/\/www.apucarana.pr.gov.br\/site\/wp-json\/wp\/v2\/users\/4"}],"replies":[{"embeddable":true,"href":"https:\/\/www.apucarana.pr.gov.br\/site\/wp-json\/wp\/v2\/comments?post=2417"}],"version-history":[{"count":1,"href":"https:\/\/www.apucarana.pr.gov.br\/site\/wp-json\/wp\/v2\/posts\/2417\/revisions"}],"predecessor-version":[{"id":104463,"href":"https:\/\/www.apucarana.pr.gov.br\/site\/wp-json\/wp\/v2\/posts\/2417\/revisions\/104463"}],"wp:attachment":[{"href":"https:\/\/www.apucarana.pr.gov.br\/site\/wp-json\/wp\/v2\/media?parent=2417"}],"wp:term":[{"taxonomy":"category","embeddable":true,"href":"https:\/\/www.apucarana.pr.gov.br\/site\/wp-json\/wp\/v2\/categories?post=2417"},{"taxonomy":"post_tag","embeddable":true,"href":"https:\/\/www.apucarana.pr.gov.br\/site\/wp-json\/wp\/v2\/tags?post=2417"}],"curies":[{"name":"wp","href":"https:\/\/api.w.org\/{rel}","templated":true}]}}