{"id":2384,"date":"2014-12-05T13:54:59","date_gmt":"2014-12-05T13:54:59","guid":{"rendered":"http:\/\/172.16.0.7\/site-antigo\/?p=2384"},"modified":"2024-10-08T09:09:39","modified_gmt":"2024-10-08T12:09:39","slug":"escola-municipal-de-teatro-apresenta-o-misterio-do-boi-surubim","status":"publish","type":"post","link":"https:\/\/www.apucarana.pr.gov.br\/site\/escola-municipal-de-teatro-apresenta-o-misterio-do-boi-surubim\/","title":{"rendered":"Escola Municipal de Teatro apresenta &#8220;O mist\u00e9rio do boi Surubim&#8221;"},"content":{"rendered":"<\/p>\n<p><span style=\"letter-spacing: -0.02em; line-height: 1.45em; background-color: initial;\">A Secretaria da Promo\u00e7\u00e3o Art\u00edstica, Cultural e Tur\u00edstica de Apucarana realiza hoje (sexta-feira &#8211; 05\/12), \u00e0s 20 horas, no Cine Teatro F\u00eanix, o espet\u00e1culo teatral &#8220;O mist\u00e9rio do boi Surubim&#8221;. A pe\u00e7a \u00e9 uma montagem da companhia de atores da Escola Municipal de Teatro e ter\u00e1 entrada gratuita. Os ingressos poder\u00e3o ser retirados no local do evento a partir de segunda-feira (01\/12), das 8 \u00e0s 12 horas e das 13 \u00e0s 18 horas, com limite de 480 lugares. &ldquo;Este espet\u00e1culo est\u00e1 dentro da proposta de forma\u00e7\u00e3o teatral da escola municipal de teatro que possui hoje 28 atores com faixas et\u00e1rias entre 8 e 51 anos&rdquo;, informa a secret\u00e1ria professora Maria Agar Borba Ferreira. De acordo com ela, na montagem da pe\u00e7a os alunos desenvolvem t\u00e9cnicas de express\u00e3o corporal, vocal, leituras dram\u00e1ticas e interpreta\u00e7\u00e3o c\u00eanica, al\u00e9m da cria\u00e7\u00e3o coletiva do texto da montagem.<br \/><\/span><span style=\"letter-spacing: -0.02em; line-height: 1.45em; background-color: initial;\"><br \/>O mist\u00e9rio do boi Surubim \u00e9 um auto de Natal escrito em 1981 por J&ocirc;nio Carvalho, onde o nascimento do Menino Jesus \u00e9 transportado para o nordeste brasileiro e apresentado em meio \u00e0 cultura local, com a festa do boi bumb\u00e1 e m\u00fasicas t\u00edpicas. &#8220;A inten\u00e7\u00e3o do curso livre da escola municipal de teatro de Apucarana \u00e9 a forma\u00e7\u00e3o de artistas conscientes do \u00e1rduo trabalho no teatro e o melhor desenvolvimento do potencial art\u00edstico de cada educando dentro da Secretaria Municipal de Promo\u00e7\u00e3o Art\u00edstica, Cultural e Tur\u00edstica&#8221;, pontua professora Maria Agar.<br \/><\/span><span style=\"letter-spacing: -0.02em; line-height: 1.45em; background-color: initial;\"><br \/>Na sua vis\u00e3o, &ldquo;o elenco conseguiu recriar no palco um nordeste brasileiro de autores como Ariano Suassuna e Jorge Amado, al\u00e9m da musicalidade de Luiz Gonzaga, Caetano Veloso, Cordel do Fogo Encantado e Na\u00e7\u00e3o Zumbi&rdquo;. &ldquo;O p\u00fablico poder\u00e1 se divertir com personagens que fazem parte do universo das festas do boi e tradi\u00e7\u00f5es populares de nosso pa\u00eds&rdquo;, convida a secret\u00e1ria.<br \/><\/span><span style=\"letter-spacing: -0.02em; line-height: 1.45em; background-color: initial;\"><br \/><b>Ficha t\u00e9cnica<br \/><\/b><\/span><span style=\"letter-spacing: -0.02em; line-height: 1.45em; background-color: initial;\"><b><br \/><\/b>&#8211; Dire\u00e7\u00e3o C\u00eanica e Coordena\u00e7\u00e3o da Cria\u00e7\u00e3o Coletiva &#8211; S\u00e9rgio Mello (Professor da Escola Municipal de Teatro)<br \/><\/span><span style=\"letter-spacing: -0.02em; line-height: 1.45em; background-color: initial;\"><br \/>&#8211; Dire\u00e7\u00e3o Art\u00edstica e Geral &#8211; Orisvaldo C\u00e9sar &#8211; Diretor Art\u00edstico e de Projetos Cultural da Sec. Municipal da Promo\u00e7\u00e3o Art\u00edstica, Cultural e Tur\u00edstica; Secret\u00e1ria Municipal da Promo\u00e7\u00e3o Art\u00edstica, Cultural e Tur\u00edstica. Maria Agar Borba Ferreira<br \/><\/span><span style=\"letter-spacing: -0.02em; line-height: 1.45em; background-color: initial;\"><br \/><b>Servi\u00e7o<br \/><\/b><\/span><span style=\"letter-spacing: -0.02em; line-height: 1.45em; background-color: initial;\"><b><br \/><\/b>Espet\u00e1culo &#8211; O Mist\u00e9rio do Boi Surubim<br \/><\/span><span style=\"letter-spacing: -0.02em; line-height: 1.45em; background-color: initial;\">Cia. de atores Escola Municipal de Teatro da Secretaria Municipal da Promo\u00e7\u00e3o Art\u00edstica, Cultural e Tur\u00edstica<br \/><\/span><span style=\"letter-spacing: -0.02em; line-height: 1.45em; background-color: initial;\">Data &#8211; 05 de dezembro (sexta-feira)<br \/><\/span><span style=\"letter-spacing: -0.02em; line-height: 1.45em; background-color: initial;\">Hor\u00e1rio &ndash; 20 horas<br \/><\/span><span style=\"letter-spacing: -0.02em; line-height: 1.45em; background-color: initial;\">Entrada franca &#8211; Os ingressos podem ser retirados no Cine Teatro F\u00eanix gratuitamente a partir de 01 de dezembro, das 08 \u00e0s 12 horas e das 13 \u00e0s 18 horas,com limite de 480 lugares<br \/><\/span><span style=\"letter-spacing: -0.02em; line-height: 1.45em; background-color: initial;\">Informa\u00e7\u00f5es: 3423-2944<\/span><\/p><\/p>\n","protected":false},"excerpt":{"rendered":"<p>O mist&eacute;rio do boi Surubim &eacute; um auto de Natal escrito em 1981 por J&ocirc;nio Carvalho, onde o nascimento do Menino Jesus &eacute; transportado para o nordeste brasileiro<\/p>\n","protected":false},"author":4,"featured_media":0,"comment_status":"closed","ping_status":"closed","sticky":false,"template":"","format":"standard","meta":{"footnotes":""},"categories":[24],"tags":[],"class_list":["post-2384","post","type-post","status-publish","format-standard","hentry","category-noticias"],"acf":[],"_links":{"self":[{"href":"https:\/\/www.apucarana.pr.gov.br\/site\/wp-json\/wp\/v2\/posts\/2384","targetHints":{"allow":["GET"]}}],"collection":[{"href":"https:\/\/www.apucarana.pr.gov.br\/site\/wp-json\/wp\/v2\/posts"}],"about":[{"href":"https:\/\/www.apucarana.pr.gov.br\/site\/wp-json\/wp\/v2\/types\/post"}],"author":[{"embeddable":true,"href":"https:\/\/www.apucarana.pr.gov.br\/site\/wp-json\/wp\/v2\/users\/4"}],"replies":[{"embeddable":true,"href":"https:\/\/www.apucarana.pr.gov.br\/site\/wp-json\/wp\/v2\/comments?post=2384"}],"version-history":[{"count":1,"href":"https:\/\/www.apucarana.pr.gov.br\/site\/wp-json\/wp\/v2\/posts\/2384\/revisions"}],"predecessor-version":[{"id":104461,"href":"https:\/\/www.apucarana.pr.gov.br\/site\/wp-json\/wp\/v2\/posts\/2384\/revisions\/104461"}],"wp:attachment":[{"href":"https:\/\/www.apucarana.pr.gov.br\/site\/wp-json\/wp\/v2\/media?parent=2384"}],"wp:term":[{"taxonomy":"category","embeddable":true,"href":"https:\/\/www.apucarana.pr.gov.br\/site\/wp-json\/wp\/v2\/categories?post=2384"},{"taxonomy":"post_tag","embeddable":true,"href":"https:\/\/www.apucarana.pr.gov.br\/site\/wp-json\/wp\/v2\/tags?post=2384"}],"curies":[{"name":"wp","href":"https:\/\/api.w.org\/{rel}","templated":true}]}}