{"id":21364,"date":"2019-01-29T17:17:34","date_gmt":"2019-01-29T19:17:34","guid":{"rendered":"http:\/\/172.16.0.7\/site-antigo\/?p=21364"},"modified":"2024-10-08T09:18:32","modified_gmt":"2024-10-08T12:18:32","slug":"convenio-entre-ame-e-17a-sdp-combate-a-violencia-infantil","status":"publish","type":"post","link":"https:\/\/www.apucarana.pr.gov.br\/site\/convenio-entre-ame-e-17a-sdp-combate-a-violencia-infantil\/","title":{"rendered":"Conv\u00eanio entre AME e 17\u00aa SDP combate a viol\u00eancia infantil"},"content":{"rendered":"<p>Um conv\u00eanio firmado hoje entre a Prefeitura de Apucarana e a 17\u00aa Subdivis\u00e3o Policial vai refor\u00e7ar o trabalho de preven\u00e7\u00e3o e combate a viol\u00eancia dom\u00e9stica e abuso sexual de crian\u00e7as e adolescentes. Para oficializar a iniciativa in\u00e9dita no munic\u00edpio, o prefeito em exerc\u00edcio, Junior da Femac, encaminhou hoje um projeto de lei para C\u00e2mara Municipal em que a administra\u00e7\u00e3o municipal faz a cess\u00e3o de uma funcion\u00e1ria da Autarquia Municipal de Educa\u00e7\u00e3o (AME) para atuar dentro da delegacia de Apucarana.<br \/>\nEssa funcion\u00e1ria da educa\u00e7\u00e3o, formada em Direito e que j\u00e1 atuou no patronato municipal, ser\u00e1 respons\u00e1vel por atender os casos de viol\u00eancia dom\u00e9stica e abuso sexual de crian\u00e7as e adolescentes que chegarem at\u00e9 a pol\u00edcia civil. Ao mesmo tempo vai realizar um trabalho de preven\u00e7\u00e3o, realizando palestras e outras a\u00e7\u00f5es que levem orienta\u00e7\u00e3o ao p\u00fablico alvo.<br \/>\nJunior da Femac lembrou que esse conv\u00eanio \u00e9 fruto de conversa\u00e7\u00e3o que foi sendo amadurecida entre o prefeito Beto Preto e o delegado Jos\u00e9 Aparecido\u00a0Jacov\u00f3s<em><strong>,<\/strong><\/em> visando estreitar o la\u00e7o entre as \u00e1reas de seguran\u00e7a e educa\u00e7\u00e3o. \u201cHoje estamos materializando essa id\u00e9ia. \u00c9 um esfor\u00e7o que o munic\u00edpio faz para salvar crian\u00e7as e adolescentes de situa\u00e7\u00f5es de viol\u00eancia e abuso\u201d, enfatizou Junior da Femac, lembrando que a educa\u00e7\u00e3o se depara com situa\u00e7\u00f5es que necessitam a interven\u00e7\u00e3o da pol\u00edcia e vice-versa.<br \/>\nA superintendente da Educa\u00e7\u00e3o, Ana Paula Cunha, destacou que a prioridade do conv\u00eanio \u00e9 a seguran\u00e7a das crian\u00e7as. \u201cEst\u00e1 sendo disponibilizada uma funcion\u00e1ria concursada para atender todas as necessidades da Autarquia de Educa\u00e7\u00e3o dentro da delegacia. Existem situa\u00e7\u00f5es em que precisamos recorrer ao aux\u00edlio da pol\u00edcia e tendo uma funcion\u00e1ria l\u00e1 que entenda sobre assuntos de seguran\u00e7a e da educa\u00e7\u00e3o vai ficar mais f\u00e1cil a comunica\u00e7\u00e3o para resolver situa\u00e7\u00f5es que possam acontecer com nossas crian\u00e7as\u201d, avaliou Ana Paula.<br \/>\nA secret\u00e1ria da Mulher e Assuntos da Fam\u00edlia, Denise Machado, observou que muitas situa\u00e7\u00f5es que chegam a sua pasta acabam afetando crian\u00e7as. \u201cAtos de viol\u00eancia que a crian\u00e7a vivencia em casa, acabam sendo refletindo no seu ambiente escolar. Portanto, essa parceria vem de encontro tamb\u00e9m com as necessidades di\u00e1rias da secret\u00e1ria da Mulher. Estamos confiantes nesta parceria, em especial no trabalho de preven\u00e7\u00e3o que se prop\u00f5e a realizar em escolas e outros locais\u201d, afirmou Denise.<br \/>\nA secret\u00e1ria municipal da Assistente Social, Ana Paula Nazarko, definiu a parceria educa\u00e7\u00e3o e seguran\u00e7a como uma atitude de zelo com as crian\u00e7as e adolescentes. \u201c\u00c9 um cuidado a mais com aqueles que est\u00e3o passando por situa\u00e7\u00f5es de viol\u00eancia e abuso. Ressalto que o lado da preven\u00e7\u00e3o, tamb\u00e9m incluso nesta proposta, vai ajudar a diminuir esses tipos de casos que afetam nossas crian\u00e7as e adolescentes\u201d, disse Ana Paula.<br \/>\nRepresentando o poder legislativo durante o evento em que foi anunciado o conv\u00eanio, realizado na manh\u00e3 desta ter\u00e7a-feira no gabinete municipal, a vereadora Marcia Sousa enalteceu o car\u00e1ter social da iniciativa. \u201cVamos fazer nossa parte dando um parecer favor\u00e1vel a essa iniciativa t\u00e3o valiosa no cuidado com a seguran\u00e7a de crian\u00e7as e adolescentes da nossa cidade\u201d, assegurou Marcia Sousa.<\/p>\n","protected":false},"excerpt":{"rendered":"<p>Autarquia Municipal de Educa\u00e7\u00e3o ceder\u00e1 uma funcion\u00e1ria para atuar dentro da delegacia em situa\u00e7\u00f5es de viol\u00eancia dom\u00e9stica e abuso sexual de crian\u00e7as e adolescentes (Fotos &#8211; Edson Denobi)<\/p>\n","protected":false},"author":4,"featured_media":21366,"comment_status":"closed","ping_status":"open","sticky":false,"template":"","format":"standard","meta":{"footnotes":""},"categories":[24],"tags":[],"class_list":["post-21364","post","type-post","status-publish","format-standard","has-post-thumbnail","hentry","category-noticias"],"acf":[],"_links":{"self":[{"href":"https:\/\/www.apucarana.pr.gov.br\/site\/wp-json\/wp\/v2\/posts\/21364","targetHints":{"allow":["GET"]}}],"collection":[{"href":"https:\/\/www.apucarana.pr.gov.br\/site\/wp-json\/wp\/v2\/posts"}],"about":[{"href":"https:\/\/www.apucarana.pr.gov.br\/site\/wp-json\/wp\/v2\/types\/post"}],"author":[{"embeddable":true,"href":"https:\/\/www.apucarana.pr.gov.br\/site\/wp-json\/wp\/v2\/users\/4"}],"replies":[{"embeddable":true,"href":"https:\/\/www.apucarana.pr.gov.br\/site\/wp-json\/wp\/v2\/comments?post=21364"}],"version-history":[{"count":1,"href":"https:\/\/www.apucarana.pr.gov.br\/site\/wp-json\/wp\/v2\/posts\/21364\/revisions"}],"predecessor-version":[{"id":100752,"href":"https:\/\/www.apucarana.pr.gov.br\/site\/wp-json\/wp\/v2\/posts\/21364\/revisions\/100752"}],"wp:featuredmedia":[{"embeddable":true,"href":"https:\/\/www.apucarana.pr.gov.br\/site\/wp-json\/"}],"wp:attachment":[{"href":"https:\/\/www.apucarana.pr.gov.br\/site\/wp-json\/wp\/v2\/media?parent=21364"}],"wp:term":[{"taxonomy":"category","embeddable":true,"href":"https:\/\/www.apucarana.pr.gov.br\/site\/wp-json\/wp\/v2\/categories?post=21364"},{"taxonomy":"post_tag","embeddable":true,"href":"https:\/\/www.apucarana.pr.gov.br\/site\/wp-json\/wp\/v2\/tags?post=21364"}],"curies":[{"name":"wp","href":"https:\/\/api.w.org\/{rel}","templated":true}]}}