{"id":21353,"date":"2019-01-29T13:39:40","date_gmt":"2019-01-29T15:39:40","guid":{"rendered":"http:\/\/172.16.0.7\/site-antigo\/?p=21353"},"modified":"2024-10-08T09:18:32","modified_gmt":"2024-10-08T12:18:32","slug":"educacao-divulga-calendario-escolar-2019","status":"publish","type":"post","link":"https:\/\/www.apucarana.pr.gov.br\/site\/educacao-divulga-calendario-escolar-2019\/","title":{"rendered":"Educa\u00e7\u00e3o divulga calend\u00e1rio escolar 2019"},"content":{"rendered":"<p>A Prefeitura de Apucarana, por meio da Autarquia Municipal de Educa\u00e7\u00e3o, divulgou o calend\u00e1rio escolar do ano de 2019. O in\u00edcio das aulas est\u00e1 agendado para 12\/2 nos centros infantis (CMEIs) e 14\/2 nas escolas da rede.<br \/>\nOs professores e servidores, entretanto, retornam mais cedo. De 4 a 8\/2, durante a Semana Pedag\u00f3gica, os profissionais participar\u00e3o de diversos encontros com a finalidade de reconstruir o Projeto Pol\u00edtico-Pedag\u00f3gico (PPP) e o Regimento Escolar de cada unidade de acordo com o Referencial Curricular\u00a0 do Paran\u00e1 e a Base Nacional Comum Curricular (BNCC), al\u00e9m de preparar a recep\u00e7\u00e3o dos alunos.<br \/>\nO recesso no meio do ano deve acontecer de 18 a 26\/7 nos CMEIs e de 11 a 26\/7 nas escolas. O \u00faltimo dia de aula est\u00e1 previsto respectivamente para os dias 19 e 20\/12.<br \/>\n\u201c\u00c9 importante que os pais e respons\u00e1veis pelas crian\u00e7as fiquem atentos \u00e0s datas para que possam se organizar com tranquilidade. O calend\u00e1rio j\u00e1 est\u00e1 dispon\u00edvel em todas as unidades escolares e tamb\u00e9m no site da Autarquia Municipal de Educa\u00e7\u00e3o (<a href=\"http:\/\/www.apucarana.pr.gov.br\/ame\/calendario-2\/)\">http:\/\/www.apucarana.pr.gov.br\/ame\/calendario-2\/)<\/a>\u201d, afirma a secret\u00e1ria Marli Fernandes.<\/p>\n","protected":false},"excerpt":{"rendered":"<p>O in\u00edcio das aulas est\u00e1 agendado para 12\/2 nos centros infantis (CMEIs) e 14\/2 nas escolas da rede municipal de Apucarana<\/p>\n","protected":false},"author":4,"featured_media":21354,"comment_status":"closed","ping_status":"open","sticky":false,"template":"","format":"standard","meta":{"footnotes":""},"categories":[24],"tags":[179,129,106,53,44,92,39],"class_list":["post-21353","post","type-post","status-publish","format-standard","has-post-thumbnail","hentry","category-noticias","tag-ano-letivo-2019","tag-calendario-escolar","tag-cmeis","tag-educacao","tag-ensino-publico","tag-escolas-municipais","tag-prefeitura-de-apucarana"],"acf":[],"_links":{"self":[{"href":"https:\/\/www.apucarana.pr.gov.br\/site\/wp-json\/wp\/v2\/posts\/21353","targetHints":{"allow":["GET"]}}],"collection":[{"href":"https:\/\/www.apucarana.pr.gov.br\/site\/wp-json\/wp\/v2\/posts"}],"about":[{"href":"https:\/\/www.apucarana.pr.gov.br\/site\/wp-json\/wp\/v2\/types\/post"}],"author":[{"embeddable":true,"href":"https:\/\/www.apucarana.pr.gov.br\/site\/wp-json\/wp\/v2\/users\/4"}],"replies":[{"embeddable":true,"href":"https:\/\/www.apucarana.pr.gov.br\/site\/wp-json\/wp\/v2\/comments?post=21353"}],"version-history":[{"count":1,"href":"https:\/\/www.apucarana.pr.gov.br\/site\/wp-json\/wp\/v2\/posts\/21353\/revisions"}],"predecessor-version":[{"id":100753,"href":"https:\/\/www.apucarana.pr.gov.br\/site\/wp-json\/wp\/v2\/posts\/21353\/revisions\/100753"}],"wp:featuredmedia":[{"embeddable":true,"href":"https:\/\/www.apucarana.pr.gov.br\/site\/wp-json\/"}],"wp:attachment":[{"href":"https:\/\/www.apucarana.pr.gov.br\/site\/wp-json\/wp\/v2\/media?parent=21353"}],"wp:term":[{"taxonomy":"category","embeddable":true,"href":"https:\/\/www.apucarana.pr.gov.br\/site\/wp-json\/wp\/v2\/categories?post=21353"},{"taxonomy":"post_tag","embeddable":true,"href":"https:\/\/www.apucarana.pr.gov.br\/site\/wp-json\/wp\/v2\/tags?post=21353"}],"curies":[{"name":"wp","href":"https:\/\/api.w.org\/{rel}","templated":true}]}}