{"id":21339,"date":"2019-01-27T13:02:08","date_gmt":"2019-01-27T15:02:08","guid":{"rendered":"http:\/\/172.16.0.7\/site-antigo\/?p=21339"},"modified":"2024-10-08T09:18:32","modified_gmt":"2024-10-08T12:18:32","slug":"hoje-tem-edson-e-hudson-na-praca-rui-barbosa","status":"publish","type":"post","link":"https:\/\/www.apucarana.pr.gov.br\/site\/hoje-tem-edson-e-hudson-na-praca-rui-barbosa\/","title":{"rendered":"Hoje tem \u00c9dson e Hudson na Pra\u00e7a Rui Barbosa"},"content":{"rendered":"<p>A \u00e1rea central de Apucarana deve receber na noite deste domingo um grande p\u00fablico para assistir ao show da dupla sertaneja \u00c9dson e Hudson. A programa\u00e7\u00e3o comemorativa aos 75 anos de Apucarana, teve na sexta-feira show com a orquestra sertaneja Facmol, de S\u00e3o Paulo; al\u00e9m de apresenta\u00e7\u00e3o do humorista Paulinho Mixaria.<br \/>\nNo s\u00e1bado (26), cerca de 30 mil pessoas acompanharam a tradicional Prova Pedestre &#8220;28 de Janeiro&#8221;, na Pra\u00e7a Rui Barbosa e vias centrais da cidade. E, neste domingo, a programa\u00e7\u00e3o prossegue com pra\u00e7a de alimenta\u00e7\u00e3o e apresenta\u00e7\u00f5es de m\u00fasicos locais e regionais.<br \/>\nNesta segunda-feira, dia 26, feriado pelo anivers\u00e1rio de Apucarana, a programa\u00e7\u00e3o ser\u00e1 encerrada com show da dupla Thaeme e Thiago, no palco principal da Pra\u00e7a Rui Barbosa. A estimativa de p\u00fablico neste domingo e segunda-feira, \u00e9 de 40 mil a 50 mil pessoas.<br \/>\nSegundo o prefeito em exerc\u00edcio Junior da Femac, a festa foi pensada como um resgate da mem\u00f3ria da cidade. \u201cPlanejamos a festa para a fam\u00edlia apucaranense e isso que estamos vendo na Pra\u00e7a Rui Barbosa. Uma festa com seguran\u00e7a, com um show do Paulinho Mixaria, que faz humor conectado com o universo rural, com a orquestra sertaneja Facmol, e com os shows de \u00c9dson e Hudson e Thaeme e Thiago. Trata-se de uma programa\u00e7\u00e3o para fazer essa ponte com a hist\u00f3ria da cidade\u201d, comenta.<br \/>\nA festa tamb\u00e9m traz, no palco menor, instalado de frente para a pra\u00e7a de alimenta\u00e7\u00e3o, uma s\u00e9rie de atra\u00e7\u00f5es regionais. O espa\u00e7o conta, ainda, com brinquedos, banheiros qu\u00edmicos e seguran\u00e7a.<br \/>\nAp\u00f3s as comemora\u00e7\u00f5es mais modestas em anos anteriores por conta principalmente da crise econ\u00f4mica, a programa\u00e7\u00e3o deste ano retomou a oferta de shows para popula\u00e7\u00e3o. \u201cA administra\u00e7\u00e3o vinha planejando essa festa h\u00e1 dois anos, fazendo uma reserva de recursos. Como \u00e9 de conhecimento p\u00fablico, Apucarana tem uma situa\u00e7\u00e3o equilibrada, mas paga quase R$ 2 milh\u00f5es ao m\u00eas de d\u00edvidas herdadas de gest\u00f5es anteriores. Contudo, os 75 anos de Apucarana \u00e9 uma data emblem\u00e1tica, que merece uma comemora\u00e7\u00e3o \u00e0 altura\u201d, afirma o prefeito em exerc\u00edcio.<br \/>\nJunior da Femac assinala ainda que esse momento festivo tamb\u00e9m serve para comemorar a atual fase de desenvolvimento de Apucarana, que vem apresentados bons \u00edndices em todas as \u00e1reas. &#8220;Lembramos ainda que a cidade voltou a ter for\u00e7a pol\u00edtica e boa representatividade no cen\u00e1rio pol\u00edtico-administrativo do Paran\u00e1, principalmente com Beto Preto integrando o secretariado do Governador Ratinho Junior&#8221;, argumenta Junior da Femac. <\/p>\n","protected":false},"excerpt":{"rendered":"<p>A \u00e1rea central de Apucarana deve receber na noite deste domingo um grande p\u00fablico para assistir ao show da dupla sertaneja \u00c9dson e Hudson. A programa\u00e7\u00e3o comemorativa aos 75 anos de Apucarana, teve na sexta-feira show com a orquestra sertaneja Facmol, de S\u00e3o Paulo; al\u00e9m de apresenta\u00e7\u00e3o do humorista Paulinho Mixaria (Foto: Profeta)<\/p>\n","protected":false},"author":4,"featured_media":21344,"comment_status":"closed","ping_status":"open","sticky":false,"template":"","format":"standard","meta":{"footnotes":""},"categories":[24],"tags":[],"class_list":["post-21339","post","type-post","status-publish","format-standard","has-post-thumbnail","hentry","category-noticias"],"acf":[],"_links":{"self":[{"href":"https:\/\/www.apucarana.pr.gov.br\/site\/wp-json\/wp\/v2\/posts\/21339","targetHints":{"allow":["GET"]}}],"collection":[{"href":"https:\/\/www.apucarana.pr.gov.br\/site\/wp-json\/wp\/v2\/posts"}],"about":[{"href":"https:\/\/www.apucarana.pr.gov.br\/site\/wp-json\/wp\/v2\/types\/post"}],"author":[{"embeddable":true,"href":"https:\/\/www.apucarana.pr.gov.br\/site\/wp-json\/wp\/v2\/users\/4"}],"replies":[{"embeddable":true,"href":"https:\/\/www.apucarana.pr.gov.br\/site\/wp-json\/wp\/v2\/comments?post=21339"}],"version-history":[{"count":1,"href":"https:\/\/www.apucarana.pr.gov.br\/site\/wp-json\/wp\/v2\/posts\/21339\/revisions"}],"predecessor-version":[{"id":100754,"href":"https:\/\/www.apucarana.pr.gov.br\/site\/wp-json\/wp\/v2\/posts\/21339\/revisions\/100754"}],"wp:featuredmedia":[{"embeddable":true,"href":"https:\/\/www.apucarana.pr.gov.br\/site\/wp-json\/"}],"wp:attachment":[{"href":"https:\/\/www.apucarana.pr.gov.br\/site\/wp-json\/wp\/v2\/media?parent=21339"}],"wp:term":[{"taxonomy":"category","embeddable":true,"href":"https:\/\/www.apucarana.pr.gov.br\/site\/wp-json\/wp\/v2\/categories?post=21339"},{"taxonomy":"post_tag","embeddable":true,"href":"https:\/\/www.apucarana.pr.gov.br\/site\/wp-json\/wp\/v2\/tags?post=21339"}],"curies":[{"name":"wp","href":"https:\/\/api.w.org\/{rel}","templated":true}]}}