{"id":16629,"date":"2018-07-30T16:26:48","date_gmt":"2018-07-30T19:26:48","guid":{"rendered":"http:\/\/172.16.0.7\/site-antigo\/?p=16629"},"modified":"2024-10-08T09:16:52","modified_gmt":"2024-10-08T12:16:52","slug":"visita-guiada-da-ams-ganha-premio-em-congresso-nacional","status":"publish","type":"post","link":"https:\/\/www.apucarana.pr.gov.br\/site\/visita-guiada-da-ams-ganha-premio-em-congresso-nacional\/","title":{"rendered":"\u201cVisita Guiada\u201d da AMS ganha pr\u00eamio em congresso nacional"},"content":{"rendered":"<p>A Autarquia Municipal de Sa\u00fade (AMS) de Apucarana, atrav\u00e9s de a\u00e7\u00f5es desenvolvidas por seus residentes do Programa de Resid\u00eancia Multiprofissional, acaba de receber mais uma premia\u00e7\u00e3o, a segunda neste m\u00eas de julho. O projeto \u201cVisita Guiada\u201d de gr\u00e1vidas ao Hospital da Provid\u00eancia Materno Infantil foi selecionado em primeiro lugar entre os 21 projetos do Paran\u00e1 apresentados na 15\u00aa Mostra Brasil Aqui Tem SUS, realizada durante o 34\u00ba Congresso Nacional de Secretarias Municipais de Sa\u00fade (CONASEMS). O evento aconteceu entre quarta-feira e sexta-feira da semana passada, em Bel\u00e9m (PA).<br \/>\nAp\u00f3s passar por uma sele\u00e7\u00e3o para integrar a lista dos 21 projetos do nosso estado apresentados na 15\u00aa edi\u00e7\u00e3o da Mostra, o de Apucarana acabou sendo eleito o melhor do Paran\u00e1.\u00a0\u00a0A \u201cMostra Brasil\u201d divulga a\u00e7\u00f5es bem sucedidas de secretarias municipais de sa\u00fade de todos os estados do pa\u00eds com objetivo de mostrar o SUS que d\u00e1 certo.<br \/>\nNo dia 20 deste m\u00eas, outros dois trabalhos do Programa de Resid\u00eancia Multiprofissional da Autarquia Municipal de Sa\u00fade (AMS) de Apucarana ficaram entre os vencedores do 3\u00ba Pr\u00eamio Inova Sa\u00fade Paran\u00e1. A premia\u00e7\u00e3o, de n\u00edvel estadual, aconteceu durante a cerim\u00f4nia de encerramento do 4\u00ba Congresso Paranaense de Sa\u00fade P\u00fablica\/Coletiva, em Curitiba.<br \/>\n\u201cEsses reconhecimentos mostram que a sa\u00fade de Apucarana tem promovido esfor\u00e7os para seguir melhorando a qualidade do atendimento prestado \u00e0 popula\u00e7\u00e3o\u201d, avalia o diretor presidente da AMS, Roberto Kaneta.<br \/>\n&nbsp;<br \/>\n<strong>Projeto \u201cVisita Guiada\u201d<\/strong><br \/>\nDisponibilizado \u00e0s futuras mam\u00e3es atendidas na Escola da Gestante, atrav\u00e9s de profissionais do Programa de Resid\u00eancia Multiprofissional da Autarquia Municipal de Sa\u00fade, o projeto \u201cVisita Guiada\u201d de gr\u00e1vidas ao Hospital da Provid\u00eancia Materno Infantil foi apresentado na 15\u00aa Mostra Brasil Aqui Tem SUS pela coordenadora do Programa de Resid\u00eancia Multiprofissional, Francieli Nogueira Smanioto.<br \/>\nO projeto \u201cVisita Guiada\u201d come\u00e7ou a ser desenvolvido em 2015 e hoje \u00e9 conduzido pelas enfermeiras obstetras Mariana Campos Campana, Nayla Lais Ferreira Mazzetto, Jana\u00edna Ramos Martins, Mayara Deina Menta, Juliana Botelho Dias, Rosiane Pereira Batista\u00a0do Programa de Resid\u00eancia Multiprofissional da AMS. Com a ades\u00e3o espont\u00e2nea das gestantes, as visitas guiadas \u00e0 maternidade s\u00e3o antecedidas por orienta\u00e7\u00f5es sobre o processo de trabalho de parto, aleitamento e esclarecimentos de d\u00favidas.<br \/>\nCom dia e hor\u00e1rio agendado, sempre \u00e0s sextas-feiras \u00e0s 14 horas, e aos s\u00e1bados pela manh\u00e3, a gestante e o acompanhante visitam a maternidade, fazendo o roteiro que ser\u00e1 percorrido no dia do nascimento do beb\u00ea, conhecendo, por exemplo, a estrutura dos quartos e salas de parto.<br \/>\nDurante a visita as gestantes t\u00eam a oportunidade de conhecer a estrutura da maternidade, m\u00e9todos utilizados durante o trabalho de parto, a sala de parto, a rotina do hospital, bem como a equipe multiprofissional que ir\u00e1 lhe prestar atendimento.<br \/>\nA familiariza\u00e7\u00e3o com a ambiente da maternidade contribui para deixar \u00e0 gestante mais tranquila e confiante, facilitando a assist\u00eancia na hora do parto. O prefeito Beto Preto lembra que a \u201cVisita Guiada\u201d faz parte das medidas, que v\u00eam sendo adotadas durante sua gest\u00e3o, para melhoria da qualidade do atendimento as gestantes no munic\u00edpio.<br \/>\n&nbsp;<br \/>\n<strong>Programas de Resid\u00eancias da AMS<\/strong><br \/>\nOs Programas de Resid\u00eancia em Sa\u00fade da Autarquia Municipal de Sa\u00fade tornaram Apucarana um\u00a0polo de forma\u00e7\u00e3o de profissionais da \u00e1rea da sa\u00fade. A AMS oferece desde 2016 um programa em Resid\u00eancia M\u00e9dica e tr\u00eas programas de Resid\u00eancia Multiprofissional: Aten\u00e7\u00e3o B\u00e1sica e Sa\u00fade da Fam\u00edlia; Sa\u00fade Mental; e Enfermagem Obst\u00e9trica, com \u00eanfase em Rede Cegonha.<br \/>\nApucarana \u00e9 um dos poucos munic\u00edpios que disponibiliza resid\u00eancia multiprofissional e m\u00e9dica no Paran\u00e1. Atuando na rede p\u00fablica de sa\u00fade do munic\u00edpio, os 54 residentes da primeira e segunda turmas da Resid\u00eancia Multiprofissional da Autarquia Municipal de Sa\u00fade (AMS) prestaram 110 mil atendimentos em 2 anos.<br \/>\n\u201cNossos programas de resid\u00eancia est\u00e3o no terceiro ano e posso assegurar que nossa luta junto ao governo federal para trazer para Apucarana essa grande conquista na \u00e1rea da sa\u00fade est\u00e1 trazendo grande resultado e quem ganha \u00e9 a popula\u00e7\u00e3o\u201d, avalia o prefeito Beto Preto.<br \/>\n&nbsp;<\/p>\n","protected":false},"excerpt":{"rendered":"<p>A\u00e7\u00e3o conquistou o primeiro lugar entre os 21 projetos do Paran\u00e1 apresentados na 15\u00aa Mostra Brasil Aqui Tem SUS\u00a0 (Fotos &#8211; Edson Denobi)<\/p>\n","protected":false},"author":4,"featured_media":16630,"comment_status":"closed","ping_status":"open","sticky":false,"template":"","format":"standard","meta":{"footnotes":""},"categories":[24],"tags":[],"class_list":["post-16629","post","type-post","status-publish","format-standard","has-post-thumbnail","hentry","category-noticias"],"acf":[],"_links":{"self":[{"href":"https:\/\/www.apucarana.pr.gov.br\/site\/wp-json\/wp\/v2\/posts\/16629","targetHints":{"allow":["GET"]}}],"collection":[{"href":"https:\/\/www.apucarana.pr.gov.br\/site\/wp-json\/wp\/v2\/posts"}],"about":[{"href":"https:\/\/www.apucarana.pr.gov.br\/site\/wp-json\/wp\/v2\/types\/post"}],"author":[{"embeddable":true,"href":"https:\/\/www.apucarana.pr.gov.br\/site\/wp-json\/wp\/v2\/users\/4"}],"replies":[{"embeddable":true,"href":"https:\/\/www.apucarana.pr.gov.br\/site\/wp-json\/wp\/v2\/comments?post=16629"}],"version-history":[{"count":1,"href":"https:\/\/www.apucarana.pr.gov.br\/site\/wp-json\/wp\/v2\/posts\/16629\/revisions"}],"predecessor-version":[{"id":101224,"href":"https:\/\/www.apucarana.pr.gov.br\/site\/wp-json\/wp\/v2\/posts\/16629\/revisions\/101224"}],"wp:featuredmedia":[{"embeddable":true,"href":"https:\/\/www.apucarana.pr.gov.br\/site\/wp-json\/"}],"wp:attachment":[{"href":"https:\/\/www.apucarana.pr.gov.br\/site\/wp-json\/wp\/v2\/media?parent=16629"}],"wp:term":[{"taxonomy":"category","embeddable":true,"href":"https:\/\/www.apucarana.pr.gov.br\/site\/wp-json\/wp\/v2\/categories?post=16629"},{"taxonomy":"post_tag","embeddable":true,"href":"https:\/\/www.apucarana.pr.gov.br\/site\/wp-json\/wp\/v2\/tags?post=16629"}],"curies":[{"name":"wp","href":"https:\/\/api.w.org\/{rel}","templated":true}]}}