{"id":16609,"date":"2018-07-27T17:37:25","date_gmt":"2018-07-27T20:37:25","guid":{"rendered":"http:\/\/172.16.0.7\/site-antigo\/?p=16609"},"modified":"2024-10-08T09:16:52","modified_gmt":"2024-10-08T12:16:52","slug":"arraia-julino-movimenta-idosos-em-apucarana","status":"publish","type":"post","link":"https:\/\/www.apucarana.pr.gov.br\/site\/arraia-julino-movimenta-idosos-em-apucarana\/","title":{"rendered":"\u201cArrai\u00e1 julino\u201d movimenta idosos em Apucarana"},"content":{"rendered":"<p>Idosos atendidos pelo servi\u00e7o de assist\u00eancia social da Prefeitura de Apucarana participaram nesta sexta-feira (27\/07), de uma confraterniza\u00e7\u00e3o julina. Com direito a baile animado com m\u00fasica ao vivo, dan\u00e7as caipiras e muita comida t\u00edpica, o evento aconteceu nas depend\u00eancias do Sesc Apucarana e reuniu mais de 200 participantes.<br \/>\nO vice-prefeito J\u00fanior da Femac prestigiou o evento e, representando o prefeito Beto Preto, falou das pol\u00edticas p\u00fablicas implementadas pela atual administra\u00e7\u00e3o. \u201cApucarana pode dizer com seguran\u00e7a que hoje \u00e9 uma cidade com um olhar social por toda a sua popula\u00e7\u00e3o. No que tange os nossos queridos idosos, temos avan\u00e7ado n\u00e3o s\u00f3 na assist\u00eancia social, mas de forma universal com investimentos em acessibilidade nas ruas, constru\u00e7\u00e3o de cal\u00e7adas, capacita\u00e7\u00f5es e outros cuidados com iniciativas encabe\u00e7adas por diversas secretarias: da Mulher e Assuntos da Fam\u00edlia, Cultura, Educa\u00e7\u00e3o, Sa\u00fade, entre outras\u201d, comunicou o vice-prefeito.<br \/>\nJ\u00fanior destacou que em breve o prefeito Beto Preto vai inaugurar as obras de reforma do Centro de Atendimento \u00e0 Terceira Idade (CATI), localizado no Jardim Aeroporto. O local, onde a Secretaria Municipal da Assist\u00eancia Social desenvolve uma s\u00e9rie de atividades em benef\u00edcio dos idosos, recebeu investimentos na ordem de R$187,3 mil, com a constru\u00e7\u00e3o de rampas e corrim\u00e3os, troca de piso, reforma de banheiros, revis\u00e3o do telhado e troca do forro, instala\u00e7\u00f5es el\u00e9tricas e hidr\u00e1ulicas, melhoria da ventila\u00e7\u00e3o natural, pintura, eleva\u00e7\u00e3o de muro e port\u00e3o. \u201cO investimento est\u00e1 sendo feito via Fundo Municipal do Idoso com R$150 mil conquistados pelo Conselho Municipal dos Diretos da Pessoa Idosa de Apucarana (CMDPI) junto \u00e0 Funda\u00e7\u00e3o Ita\u00fa Social, mais R$37.319,88 de contrapartida municipal\u201d, lembrou J\u00fanior da Femac.<br \/>\nA festa \u2013 O \u201carra\u00eda julino\u201d, organizado pela Secretaria da Assist\u00eancia Social, j\u00e1 \u00e9 tradi\u00e7\u00e3o. \u201cRealizamos todas as sextas-feiras aqui no Sesc, um baile com os idosos. Aproveitamos uma data de julho para promover o nosso arrai\u00e1, uma festa no estilo caipira que al\u00e9m dos frequentadores semanais, atrai at\u00e9 visitantes de outras cidades\u201d, relata a assistente social Eulina Vicentini, coordenadora do evento.<br \/>\nSegundo ela, toda a decora\u00e7\u00e3o tem\u00e1tica foi feita pela equipe da secretaria municipal. \u201cMuitos dos idosos tamb\u00e9m trouxeram bolos e outras guloseimas que eles mesmos fizeram. A festa foi mais uma vez coroada de sucesso, pois proporcionou o fortalecimento de v\u00ednculos, al\u00e9m da sa\u00fade f\u00edsica e mental. Muitos at\u00e9 vieram para dizer que foi a melhor festa de todas j\u00e1 realizadas\u201d, disse Eulina, agradecendo ao apoio do prefeito Beto Preto, do vice J\u00fanior da Femac, da secret\u00e1ria Municipal da Assist\u00eancia Social, Ana Paula Nazarko e do Sesc Apucarana. \u201cUm grande parceiro nosso, que sede suas depend\u00eancias para que todas as sextas-feiras os idosos possam se encontrar em um ambiente especial e seguro\u201d, pontuou a assistente social da prefeitura. Ela salienta que o trabalho de coordena\u00e7\u00e3o do atendimento social direcionado aos membros da terceira idade \u00e9 feito juntamente com a psic\u00f3loga do Centro Dia, Kelly Roberta Palombello Magalh\u00e3es dos Santos.<\/p>\n","protected":false},"excerpt":{"rendered":"<p>O vice-prefeito J\u00fanior da Femac prestigiou o evento e, representando o prefeito Beto Preto, falou das pol\u00edticas p\u00fablicas implementadas pela atual administra\u00e7\u00e3o (Foto: Profeta)<\/p>\n","protected":false},"author":4,"featured_media":16611,"comment_status":"closed","ping_status":"open","sticky":false,"template":"","format":"standard","meta":{"footnotes":""},"categories":[24],"tags":[],"class_list":["post-16609","post","type-post","status-publish","format-standard","has-post-thumbnail","hentry","category-noticias"],"acf":[],"_links":{"self":[{"href":"https:\/\/www.apucarana.pr.gov.br\/site\/wp-json\/wp\/v2\/posts\/16609","targetHints":{"allow":["GET"]}}],"collection":[{"href":"https:\/\/www.apucarana.pr.gov.br\/site\/wp-json\/wp\/v2\/posts"}],"about":[{"href":"https:\/\/www.apucarana.pr.gov.br\/site\/wp-json\/wp\/v2\/types\/post"}],"author":[{"embeddable":true,"href":"https:\/\/www.apucarana.pr.gov.br\/site\/wp-json\/wp\/v2\/users\/4"}],"replies":[{"embeddable":true,"href":"https:\/\/www.apucarana.pr.gov.br\/site\/wp-json\/wp\/v2\/comments?post=16609"}],"version-history":[{"count":1,"href":"https:\/\/www.apucarana.pr.gov.br\/site\/wp-json\/wp\/v2\/posts\/16609\/revisions"}],"predecessor-version":[{"id":101226,"href":"https:\/\/www.apucarana.pr.gov.br\/site\/wp-json\/wp\/v2\/posts\/16609\/revisions\/101226"}],"wp:featuredmedia":[{"embeddable":true,"href":"https:\/\/www.apucarana.pr.gov.br\/site\/wp-json\/"}],"wp:attachment":[{"href":"https:\/\/www.apucarana.pr.gov.br\/site\/wp-json\/wp\/v2\/media?parent=16609"}],"wp:term":[{"taxonomy":"category","embeddable":true,"href":"https:\/\/www.apucarana.pr.gov.br\/site\/wp-json\/wp\/v2\/categories?post=16609"},{"taxonomy":"post_tag","embeddable":true,"href":"https:\/\/www.apucarana.pr.gov.br\/site\/wp-json\/wp\/v2\/tags?post=16609"}],"curies":[{"name":"wp","href":"https:\/\/api.w.org\/{rel}","templated":true}]}}