{"id":16601,"date":"2018-07-27T12:59:19","date_gmt":"2018-07-27T15:59:19","guid":{"rendered":"http:\/\/172.16.0.7\/site-antigo\/?p=16601"},"modified":"2024-10-08T09:16:52","modified_gmt":"2024-10-08T12:16:52","slug":"comecam-as-obras-de-ligacao-do-araucaria-com-o-jardim-ponta-grossa","status":"publish","type":"post","link":"https:\/\/www.apucarana.pr.gov.br\/site\/comecam-as-obras-de-ligacao-do-araucaria-com-o-jardim-ponta-grossa\/","title":{"rendered":"Come\u00e7am as obras de liga\u00e7\u00e3o do  \u201cArauc\u00e1ria\u201d com o Jardim Ponta Grossa"},"content":{"rendered":"<p>A empreiteira contratada pelo Munic\u00edpio iniciou as obras de pavimenta\u00e7\u00e3o do trecho que ligar\u00e1 o Residencial Arauc\u00e1ria ao Jardim Ponta Grossa, na regi\u00e3o norte da cidade. A liga\u00e7\u00e3o asfaltada \u00e9 uma reivindica\u00e7\u00e3o dos moradores do \u201cArauc\u00e1ria\u201d e significar\u00e1 uma segunda op\u00e7\u00e3o de acesso e sa\u00edda do bairro.<br \/>\nDe acordo com o prefeito Beto Preto, o investimento \u00e9 de R$ 252 mil \u00a0com recursos do caixa municipal e a empresa que est\u00e1 executando os servi\u00e7os \u00e9 a Construtora Vitorino Ltda, vencedora do processo licitat\u00f3rio. \u201cEssa obra faz parte do Projeto Interbairros e, como as outras que j\u00e1 executamos, vai facilitar a vida dos moradores n\u00e3o s\u00f3 destes dois bairros, mas de toda a regi\u00e3o, acabando com o isolamento e as limita\u00e7\u00f5es em ir e vir\u201d, pontua Beto Preto.<br \/>\nAtualmente, a \u00fanica forma de acesso ao bairro \u00e9 pela rodovia BR-369, na altura do Monumento ao Bon\u00e9 (Bonez\u00e3o). A nova via est\u00e1 sendo executada nas proximidades da Rua Ricardo Belezi (Arauc\u00e1ria) at\u00e9 a Rua Rafael Sorpile (Ponta Grossa), num total de 2.200 metros quadrados de pavimento.<br \/>\nDe acordo com o secret\u00e1rio municipal de Obras, engenheiro Herivelto Moreno, o trabalho est\u00e1 na fase inicial, que compreende a limpeza, nivelamento e compacta\u00e7\u00e3o. \u201cSer\u00e1 preciso fazer um grande movimento visando nivelar o terreno, levando cerca de 300 caminh\u00f5es de terra\u201d, observa Herivelto, acrescentando que tamb\u00e9m ser\u00e1 necess\u00e1ria a coloca\u00e7\u00e3o de um bueiro de 1 metro e meio de di\u00e2metro para escoar a \u00e1gua de uma nascente.<br \/>\nA nova via ter\u00e1 cerca de 220 metros lineares e contar\u00e1 ainda com drenagem pluvial, meio-fio e ilumina\u00e7\u00e3o p\u00fablica. A empresa tem prazo de 90 dias para concluir a obra, contados a partir da assinatura da ordem de servi\u00e7o.<br \/>\nO projeto Interbairros tem por finalidade encurtar dist\u00e2ncias e aproximar as pessoas, facilitando a liga\u00e7\u00e3o entre bairros vizinhos, antes feitos por caminhos mais longos, que dificultava a vida das pessoas na sua rotina di\u00e1ria de ir e voltar do trabalho, levar filhos \u00e0 escola e outros afazeres.<br \/>\n&nbsp;<\/p>\n","protected":false},"excerpt":{"rendered":"<p>Empresa contratada trabalha no nivelamento do terreno, que exigir\u00e1 a coloca\u00e7\u00e3o de cerca de 300 caminh\u00f5es de terra. (Foto: Josias Profeta) <\/p>\n","protected":false},"author":4,"featured_media":16603,"comment_status":"closed","ping_status":"open","sticky":false,"template":"","format":"standard","meta":{"footnotes":""},"categories":[24],"tags":[],"class_list":["post-16601","post","type-post","status-publish","format-standard","has-post-thumbnail","hentry","category-noticias"],"acf":[],"_links":{"self":[{"href":"https:\/\/www.apucarana.pr.gov.br\/site\/wp-json\/wp\/v2\/posts\/16601","targetHints":{"allow":["GET"]}}],"collection":[{"href":"https:\/\/www.apucarana.pr.gov.br\/site\/wp-json\/wp\/v2\/posts"}],"about":[{"href":"https:\/\/www.apucarana.pr.gov.br\/site\/wp-json\/wp\/v2\/types\/post"}],"author":[{"embeddable":true,"href":"https:\/\/www.apucarana.pr.gov.br\/site\/wp-json\/wp\/v2\/users\/4"}],"replies":[{"embeddable":true,"href":"https:\/\/www.apucarana.pr.gov.br\/site\/wp-json\/wp\/v2\/comments?post=16601"}],"version-history":[{"count":1,"href":"https:\/\/www.apucarana.pr.gov.br\/site\/wp-json\/wp\/v2\/posts\/16601\/revisions"}],"predecessor-version":[{"id":101227,"href":"https:\/\/www.apucarana.pr.gov.br\/site\/wp-json\/wp\/v2\/posts\/16601\/revisions\/101227"}],"wp:featuredmedia":[{"embeddable":true,"href":"https:\/\/www.apucarana.pr.gov.br\/site\/wp-json\/"}],"wp:attachment":[{"href":"https:\/\/www.apucarana.pr.gov.br\/site\/wp-json\/wp\/v2\/media?parent=16601"}],"wp:term":[{"taxonomy":"category","embeddable":true,"href":"https:\/\/www.apucarana.pr.gov.br\/site\/wp-json\/wp\/v2\/categories?post=16601"},{"taxonomy":"post_tag","embeddable":true,"href":"https:\/\/www.apucarana.pr.gov.br\/site\/wp-json\/wp\/v2\/tags?post=16601"}],"curies":[{"name":"wp","href":"https:\/\/api.w.org\/{rel}","templated":true}]}}