{"id":16591,"date":"2018-07-26T17:54:18","date_gmt":"2018-07-26T20:54:18","guid":{"rendered":"http:\/\/172.16.0.7\/site-antigo\/?p=16591"},"modified":"2024-10-08T09:16:52","modified_gmt":"2024-10-08T12:16:52","slug":"implementacao-da-bncc-no-parana-marca-segundo-dia-da-semana-pedagogica","status":"publish","type":"post","link":"https:\/\/www.apucarana.pr.gov.br\/site\/implementacao-da-bncc-no-parana-marca-segundo-dia-da-semana-pedagogica\/","title":{"rendered":"Forma\u00e7\u00e3o continuada de professores ser\u00e1 conclu\u00edda hoje"},"content":{"rendered":"<p>A fim de preparar o in\u00edcio do segundo semestre letivo, a Autarquia Municipal de Educa\u00e7\u00e3o est\u00e1 oferecendo uma extensa forma\u00e7\u00e3o continuada aos professores e funcion\u00e1rios das escolas e creches. Nessa quinta-feira (26), a programa\u00e7\u00e3o entrou no segundo dia.<br \/>\nA implementa\u00e7\u00e3o da Base Nacional Comum Curricular no Estado do Paran\u00e1 foi assunto para tr\u00eas palestras, ministradas pela secret\u00e1ria municipal de Educa\u00e7\u00e3o, Marli Fernandes, e pela redatora da Educa\u00e7\u00e3o Infantil, Juliana Macedo Balthazar Jorge. Al\u00e9m desse tema, os professores da pr\u00e9-escola e dos anos iniciais do ensino fundamental participaram de uma oficina de produ\u00e7\u00e3o textual e os secret\u00e1rios escolares receberam orienta\u00e7\u00f5es.<br \/>\nO vice-prefeito Junior da Femac acompanhou as atividades no Cine Teatro F\u00eanix, onde estavam reunidas as diretoras, assistentes e atendentes dos Centros Municipais de Educa\u00e7\u00e3o Infantil. Ele agradeceu o empenho di\u00e1rio dos profissionais e desejou um bom retorno \u00e0s aulas.<br \/>\n\u201cDe nada adiantaria o esfor\u00e7o do Prefeito Beto Preto em trazer recursos e obras para a educa\u00e7\u00e3o, se n\u00f3s n\u00e3o tiv\u00e9ssemos um time de educadores comprometidos nas escolas e Cmeis. O ensino municipal s\u00f3 tem avan\u00e7ado a passos largos porque existe essa parceria entre a administra\u00e7\u00e3o municipal e voc\u00eas, que dividem com a gente sonhos e projetos. Eu espero que voc\u00eas voltem com for\u00e7a total \u00e0s aulas, porque est\u00e1 com voc\u00eas nosso bem mais precioso: os pequenos apucaranenses\u201d disse.<br \/>\nO in\u00edcio das aulas ser\u00e1 pr\u00f3xima segunda-feira (30) nas 60 unidades de ensino da rede municipal.<\/p>\n","protected":false},"excerpt":{"rendered":"<p>Vice-prefeito J\u00fanior da Femac foi ao Cine Teatro F\u00eanix agradecer servidores da educa\u00e7\u00e3o pelo comprometimento e carinho <\/p>\n","protected":false},"author":4,"featured_media":16592,"comment_status":"closed","ping_status":"open","sticky":false,"template":"","format":"standard","meta":{"footnotes":""},"categories":[24],"tags":[],"class_list":["post-16591","post","type-post","status-publish","format-standard","has-post-thumbnail","hentry","category-noticias"],"acf":[],"_links":{"self":[{"href":"https:\/\/www.apucarana.pr.gov.br\/site\/wp-json\/wp\/v2\/posts\/16591","targetHints":{"allow":["GET"]}}],"collection":[{"href":"https:\/\/www.apucarana.pr.gov.br\/site\/wp-json\/wp\/v2\/posts"}],"about":[{"href":"https:\/\/www.apucarana.pr.gov.br\/site\/wp-json\/wp\/v2\/types\/post"}],"author":[{"embeddable":true,"href":"https:\/\/www.apucarana.pr.gov.br\/site\/wp-json\/wp\/v2\/users\/4"}],"replies":[{"embeddable":true,"href":"https:\/\/www.apucarana.pr.gov.br\/site\/wp-json\/wp\/v2\/comments?post=16591"}],"version-history":[{"count":1,"href":"https:\/\/www.apucarana.pr.gov.br\/site\/wp-json\/wp\/v2\/posts\/16591\/revisions"}],"predecessor-version":[{"id":101228,"href":"https:\/\/www.apucarana.pr.gov.br\/site\/wp-json\/wp\/v2\/posts\/16591\/revisions\/101228"}],"wp:featuredmedia":[{"embeddable":true,"href":"https:\/\/www.apucarana.pr.gov.br\/site\/wp-json\/"}],"wp:attachment":[{"href":"https:\/\/www.apucarana.pr.gov.br\/site\/wp-json\/wp\/v2\/media?parent=16591"}],"wp:term":[{"taxonomy":"category","embeddable":true,"href":"https:\/\/www.apucarana.pr.gov.br\/site\/wp-json\/wp\/v2\/categories?post=16591"},{"taxonomy":"post_tag","embeddable":true,"href":"https:\/\/www.apucarana.pr.gov.br\/site\/wp-json\/wp\/v2\/tags?post=16591"}],"curies":[{"name":"wp","href":"https:\/\/api.w.org\/{rel}","templated":true}]}}