{"id":16583,"date":"2018-07-26T16:46:16","date_gmt":"2018-07-26T19:46:16","guid":{"rendered":"http:\/\/172.16.0.7\/site-antigo\/?p=16583"},"modified":"2024-10-08T09:16:52","modified_gmt":"2024-10-08T12:16:52","slug":"merendeiras-tem-semana-de-capacitacao","status":"publish","type":"post","link":"https:\/\/www.apucarana.pr.gov.br\/site\/merendeiras-tem-semana-de-capacitacao\/","title":{"rendered":"Merendeiras t\u00eam semana de capacita\u00e7\u00e3o"},"content":{"rendered":"<p>Durante a realiza\u00e7\u00e3o da 2\u00aa Semana Pedag\u00f3gica de 2018 &#8211; forma\u00e7\u00e3o continuada dos professores e servidores, as merendeiras respons\u00e1veis pela alimenta\u00e7\u00e3o nos 23 Centros Municipais de Educa\u00e7\u00e3o Infantil e nas 36 escolas, tamb\u00e9m est\u00e3o participando de capacita\u00e7\u00e3o, no sal\u00e3o de eventos da Autarquia Municipal de educa\u00e7\u00e3o. Os cursos e palestras ser\u00e3o conclu\u00eddos hoje (27), com a participa\u00e7\u00e3o de mais de mil profissionais.<br \/>\nOntem o prefeito Beto Preto, acompanhado do vice-prefeito Junior da Femac e da secret\u00e1ria de Educa\u00e7\u00e3o, Marli Fernandes, prestigiou evento com todas merendeiras de escolas e CMEIs. \u201cA nossa recomenda\u00e7\u00e3o aos servidores \u00e9 no sentido de que se dediquem ao m\u00e1ximo poss\u00edvel, para seguir as orienta\u00e7\u00f5es da nossa equipe de nutricionistas e, ao mesmo tempo, atendam as crian\u00e7as com muito carinho\u201d, assinalou Beto Preto.<br \/>\nAs aulas ser\u00e3o retomadas na segunda-feira, dia 30, e nesta semana as merendeiras est\u00e3o recebendo orienta\u00e7\u00f5es sobre a adequa\u00e7\u00e3o do card\u00e1pio e a qualidade dos produtos recebidos. As servidoras est\u00e3o recebendo capacita\u00e7\u00e3o sobre boas pr\u00e1ticas, alimenta\u00e7\u00e3o saud\u00e1vel e manipula\u00e7\u00e3o correta de alimentos.<\/p>\n","protected":false},"excerpt":{"rendered":"<p>Nutricionistas est\u00e3o orientando as servidoras sobre boas pr\u00e1ticas na cozinha e alimenta\u00e7\u00e3o saud\u00e1vel (Foto: Profeta)<\/p>\n","protected":false},"author":4,"featured_media":16586,"comment_status":"closed","ping_status":"open","sticky":false,"template":"","format":"standard","meta":{"footnotes":""},"categories":[24],"tags":[],"class_list":["post-16583","post","type-post","status-publish","format-standard","has-post-thumbnail","hentry","category-noticias"],"acf":[],"_links":{"self":[{"href":"https:\/\/www.apucarana.pr.gov.br\/site\/wp-json\/wp\/v2\/posts\/16583","targetHints":{"allow":["GET"]}}],"collection":[{"href":"https:\/\/www.apucarana.pr.gov.br\/site\/wp-json\/wp\/v2\/posts"}],"about":[{"href":"https:\/\/www.apucarana.pr.gov.br\/site\/wp-json\/wp\/v2\/types\/post"}],"author":[{"embeddable":true,"href":"https:\/\/www.apucarana.pr.gov.br\/site\/wp-json\/wp\/v2\/users\/4"}],"replies":[{"embeddable":true,"href":"https:\/\/www.apucarana.pr.gov.br\/site\/wp-json\/wp\/v2\/comments?post=16583"}],"version-history":[{"count":1,"href":"https:\/\/www.apucarana.pr.gov.br\/site\/wp-json\/wp\/v2\/posts\/16583\/revisions"}],"predecessor-version":[{"id":101229,"href":"https:\/\/www.apucarana.pr.gov.br\/site\/wp-json\/wp\/v2\/posts\/16583\/revisions\/101229"}],"wp:featuredmedia":[{"embeddable":true,"href":"https:\/\/www.apucarana.pr.gov.br\/site\/wp-json\/"}],"wp:attachment":[{"href":"https:\/\/www.apucarana.pr.gov.br\/site\/wp-json\/wp\/v2\/media?parent=16583"}],"wp:term":[{"taxonomy":"category","embeddable":true,"href":"https:\/\/www.apucarana.pr.gov.br\/site\/wp-json\/wp\/v2\/categories?post=16583"},{"taxonomy":"post_tag","embeddable":true,"href":"https:\/\/www.apucarana.pr.gov.br\/site\/wp-json\/wp\/v2\/tags?post=16583"}],"curies":[{"name":"wp","href":"https:\/\/api.w.org\/{rel}","templated":true}]}}