{"id":16567,"date":"2018-07-26T16:27:29","date_gmt":"2018-07-26T19:27:29","guid":{"rendered":"http:\/\/172.16.0.7\/site-antigo\/?p=16567"},"modified":"2024-10-08T09:16:52","modified_gmt":"2024-10-08T12:16:52","slug":"conseg-empossa-nova-diretoria-em-apucarana","status":"publish","type":"post","link":"https:\/\/www.apucarana.pr.gov.br\/site\/conseg-empossa-nova-diretoria-em-apucarana\/","title":{"rendered":"Conseg empossa nova diretoria em Apucarana"},"content":{"rendered":"<p>O Conselho Comunit\u00e1rio de Seguran\u00e7a de Apucarana (Conseg Apucarana) tem nova diretoria desde a \u00faltima ter\u00e7a-feira (24\/07). \u00c0 frente da entidade desde 2007, Ana Maria Schmidt transmitiu a presid\u00eancia para Adilson Luiz Murara.<br \/>\nA solenidade de posse dos novos membros aconteceu no Tribunal do J\u00fari de Apucarana e foi prestigiada por ju\u00edzes, representantes do Patronato Municipal, Projeto Karat\u00ea Vida, Associa\u00e7\u00e3o de Senhoras de Rotarianos, Bombeiro Mirim, Rotary Clubes, Lojas Ma\u00e7\u00f4nicas, Ferra Mula, Prefeitura, C\u00e2mara Municipal, Acia, Conselho da Comunidade e N\u00facleo Regional de Educa\u00e7\u00e3o.<br \/>\nO prefeito Beto Preto esteve representado pelo vice-prefeito J\u00fanior da Femac. \u201cTemos um conselho atuante, com vasto servi\u00e7o prestado em favor da cidade, integrando popula\u00e7\u00e3o e autoridades policiais, com a\u00e7\u00f5es que resultam na melhoria da qualidade de vida\u201d, disse J\u00fanior da Femac.<br \/>\nInstitu\u00eddo em maio de 1984, o Conseg Apucarana foi o terceiro do Estado do Paran\u00e1. No dia a dia, tem a miss\u00e3o de propor defini\u00e7\u00f5es de prioridade na Seguran\u00e7a P\u00fablica, visando a preven\u00e7\u00e3o e a solu\u00e7\u00e3o de problemas ambientais e sociais. \u201cEm nome do prefeito Beto Preto quero desejar sucesso a nova diretoria. Contem com o apoio da Prefeitura de Apucarana\u201d, comunicou o vice-prefeito.<br \/>\nAo transmitir a presid\u00eancia &#8211; para assumir a vice-presid\u00eancia -, Ana Maria Schmidt fez um relato de sua trajet\u00f3ria \u00e0 frente da entidade, iniciada no ano de 2007. \u201cJunto com todos os conselheiros, parceiros e amigos, neste per\u00edodo o Conseg Apucarana declinou na busca de melhorias na \u00e1rea da seguran\u00e7a. Conseguimos desenvolver diversas iniciativas junto ao Poder Executivo Municipal e Poder Judici\u00e1rio, dos quais destaco a instala\u00e7\u00e3o do Patronato Municipal de Apucarana, que foi o primeiro patronato municipal instalado em uma cidade com recursos p\u00fablicos\u201d, citou Ana Maria.<br \/>\nEla tamb\u00e9m enalteceu a doa\u00e7\u00e3o de terreno da prefeitura ao Governo do Estado do Paran\u00e1 para constru\u00e7\u00e3o do Centro de Socioeduca\u00e7\u00e3o \u2013 CENSE, campanhas educativas na \u00e1rea da seguran\u00e7a como Vizinho Solid\u00e1rio, Tr\u00e2nsito, Seguran\u00e7a Comercial e Residencial, constru\u00e7\u00e3o da Cartilha de Preven\u00e7\u00e3o de Acidentes Dom\u00e9sticos, Confer\u00eancia Intermunicipal de Defesa Civil, instala\u00e7\u00e3o e constru\u00e7\u00e3o do Canil Policial, com apoio da comunidade. \u201cAtingimos grande parte de nossas metas, mas muitas ainda necessitam ser discutidas, cobradas e ampliadas principalmente junto ao Governo do Estado do Paran\u00e1. Neste ponto, n\u00e3o tenho d\u00favidas que a gest\u00e3o que se inicia possui o mesmo entendimento\u201d, concluiu Ana Maria Schmidt, agradecendo a todos os parceiros do Conseg Apucarana durante sua gest\u00e3o.<br \/>\nO novo presidente, Adilson Luiz Murara, que est\u00e1 na milit\u00e2ncia do conselho h\u00e1 mais de nove anos, fez um relato sobre as formas pelas quais a nova diretoria pretende auxiliar na constru\u00e7\u00e3o de uma comunidade mais segura e convocou a todos a manter alto n\u00edvel de comprometimento com a comunidade. \u201cCertamente assim iremos alcan\u00e7ar os objetivos propostos e o Conseg Apucarana poder\u00e1 organizar-se a fim de desenvolver projetos destinados \u00e0 preven\u00e7\u00e3o ao crime e participar ativamente na melhoria das condi\u00e7\u00f5es de vida local\u201d, destacou Murara.<br \/>\nEntre os projetos est\u00e1 a intensifica\u00e7\u00e3o de campanhas educativas visando coibir a\u00e7\u00f5es depredat\u00f3rias e, com o apoio da prefeitura, manter as pra\u00e7as e os logradouros p\u00fablicos sempre limpos, iluminados e bem frequentados. \u201cA pol\u00edcia est\u00e1 consciente de que necessita do aux\u00edlio da comunidade para poder prestar um servi\u00e7o de melhor qualidade, assim como a comunidade deve estar organizada para poder se mobilizar em prol de sua pr\u00f3pria seguran\u00e7a\u201d, comentou o novo presidente do Conseg Apucarana.<br \/>\nO juiz Jos\u00e9 Roberto Silv\u00e9rio enfatizou a import\u00e2ncia do conselho. \u201cS\u00e3o grupos de pessoas de uma mesma comunidade que se re\u00fanem para discutir, planejar, analisar, e acompanhar as solu\u00e7\u00f5es de seus problemas de seguran\u00e7a. S\u00e3o meios de estreitar a rela\u00e7\u00e3o entre comunidade e pol\u00edcia, e fazer com que estas cooperem entre si. \u00c9 no Conselho Comunit\u00e1rio de Seguran\u00e7a que deve chegar as demandas da comunidade no que tange a seguran\u00e7a p\u00fablica, para que todos os membros natos e conselheiros possam planejar e levar a quem executa a a\u00e7\u00e3o um problema mas tamb\u00e9m uma poss\u00edvel solu\u00e7\u00e3o\u201d, disse.<br \/>\nJ\u00e1 o juiz Osvaldo Soares Neto, diretor do F\u00f3rum de Apucarana, agradeceu a diretoria que deixou o Conseg e saldou a nova diretoria. \u201cA ideia do Conselho Comunit\u00e1rio de Seguran\u00e7a surge para criar um espa\u00e7o onde todos possam se reunir e pensar estrat\u00e9gias de enfrentamento dos problemas de seguran\u00e7a, tranquilidade e insalubridade da comunidade, orientados pela filosofia de pol\u00edcia comunit\u00e1ria\u201d, afirmou.<br \/>\nO Comandante do 10\u00ba Batalh\u00e3o da Pol\u00edcia Militar do Paran\u00e1 em Apucarana, Major Roberto Cardoso, reiterou o apoio \u00e0 entidade e, Tiego Marinho, sub-coordenador do CONSEG Paran\u00e1, falou sobre a import\u00e2ncia e fun\u00e7\u00e3o dos Consegs.<br \/>\nTodos os Conselhos Comunit\u00e1rios de Seguran\u00e7a do Paran\u00e1 s\u00e3o apoiados e representados pela Secretaria Estadual de Seguran\u00e7a P\u00fablica e Administra\u00e7\u00e3o Penitenci\u00e1ria &#8211; SESP atrav\u00e9s da Coordena\u00e7\u00e3o Estadual de CONSEGs do Paran\u00e1, a qual fica respons\u00e1vel pela homologa\u00e7\u00e3o, fiscaliza\u00e7\u00e3o, orienta\u00e7\u00e3o e supervis\u00e3o das atividades dos conselhos de seguran\u00e7a em todo o estado.<br \/>\nNova diretoria do Conseg Apucarana:<br \/>\nPresidente \u2013 Adilson Luiz Murara<br \/>\nVice Presidente \u2013 Ana Maria Schmidt<br \/>\n1\u00ba Secret\u00e1rio \u2013 Vicente Batista J\u00fanior<br \/>\n2\u00ba Secretario \u2013 Jurandir Valentim Fenato<br \/>\n1\u00ba Tesoureiro \u2013  Vagner Rog\u00e9rio de Lima<br \/>\n2\u00aa Tesoureira \u2013  Suemar Rodrigues da Silva Murara<br \/>\nConselho Deliberativo<br \/>\n\u2022\tMarli Terezinha Darodda<br \/>\n\u2022\tNelson Telles<br \/>\n\u2022\tNilson Fornanciari<br \/>\nConselho Fiscal<br \/>\n\u2022\tClaudia Batistela<br \/>\n\u2022\tNilsa Christ<br \/>\n\u2022\tFl\u00e1vio Camiloto Gaspar<br \/>\nConselho de \u00c9tica e Disciplina<br \/>\n\u2022\tF\u00e1tima Paula de Souza<br \/>\n\u2022\tHylcineia Deisy da Silva Liboni<br \/>\n\u2022\tRenato Calabrese<\/p>\n","protected":false},"excerpt":{"rendered":"<p>Institu\u00eddo em maio de 1984, o Conseg Apucarana foi o terceiro do Estado do Paran\u00e1. No dia a dia, tem a miss\u00e3o de propor defini\u00e7\u00f5es de prioridade na Seguran\u00e7a P\u00fablica, visando a preven\u00e7\u00e3o e a solu\u00e7\u00e3o de problemas ambientais e sociais (Foto: Profeta)<\/p>\n","protected":false},"author":4,"featured_media":16571,"comment_status":"closed","ping_status":"open","sticky":false,"template":"","format":"standard","meta":{"footnotes":""},"categories":[24],"tags":[],"class_list":["post-16567","post","type-post","status-publish","format-standard","has-post-thumbnail","hentry","category-noticias"],"acf":[],"_links":{"self":[{"href":"https:\/\/www.apucarana.pr.gov.br\/site\/wp-json\/wp\/v2\/posts\/16567","targetHints":{"allow":["GET"]}}],"collection":[{"href":"https:\/\/www.apucarana.pr.gov.br\/site\/wp-json\/wp\/v2\/posts"}],"about":[{"href":"https:\/\/www.apucarana.pr.gov.br\/site\/wp-json\/wp\/v2\/types\/post"}],"author":[{"embeddable":true,"href":"https:\/\/www.apucarana.pr.gov.br\/site\/wp-json\/wp\/v2\/users\/4"}],"replies":[{"embeddable":true,"href":"https:\/\/www.apucarana.pr.gov.br\/site\/wp-json\/wp\/v2\/comments?post=16567"}],"version-history":[{"count":1,"href":"https:\/\/www.apucarana.pr.gov.br\/site\/wp-json\/wp\/v2\/posts\/16567\/revisions"}],"predecessor-version":[{"id":101231,"href":"https:\/\/www.apucarana.pr.gov.br\/site\/wp-json\/wp\/v2\/posts\/16567\/revisions\/101231"}],"wp:featuredmedia":[{"embeddable":true,"href":"https:\/\/www.apucarana.pr.gov.br\/site\/wp-json\/"}],"wp:attachment":[{"href":"https:\/\/www.apucarana.pr.gov.br\/site\/wp-json\/wp\/v2\/media?parent=16567"}],"wp:term":[{"taxonomy":"category","embeddable":true,"href":"https:\/\/www.apucarana.pr.gov.br\/site\/wp-json\/wp\/v2\/categories?post=16567"},{"taxonomy":"post_tag","embeddable":true,"href":"https:\/\/www.apucarana.pr.gov.br\/site\/wp-json\/wp\/v2\/tags?post=16567"}],"curies":[{"name":"wp","href":"https:\/\/api.w.org\/{rel}","templated":true}]}}