{"id":16564,"date":"2018-07-24T16:20:56","date_gmt":"2018-07-24T19:20:56","guid":{"rendered":"http:\/\/172.16.0.7\/site-antigo\/?p=16564"},"modified":"2024-10-08T09:16:53","modified_gmt":"2024-10-08T12:16:53","slug":"mae-procura-filhos-que-podem-estar-em-apucarana","status":"publish","type":"post","link":"https:\/\/www.apucarana.pr.gov.br\/site\/mae-procura-filhos-que-podem-estar-em-apucarana\/","title":{"rendered":"M\u00e3e procura filhos que podem estar em Apucarana"},"content":{"rendered":"<p>Aten\u00e7\u00e3o irm\u00e3os Rog\u00e9rio G\u00f3es e Renato G\u00f3es, filhos de Isaura Isabel da Silva e Sebasti\u00e3o G\u00f3es. Sua m\u00e3e Isaura, que reside em Ourinhos (SP) est\u00e1 \u00e0 procura de voc\u00eas h\u00e1 anos e queria muito reencontr\u00e1-los.<br \/>\nEla tem informa\u00e7\u00e3o de que possam estar residindo em Apucarana.<br \/>\nRog\u00e9rio G\u00f3es, Renato G\u00f3es ou quem os conhecer, favor entrar em contato com uma amiga da fam\u00edlia que ela ajudar\u00e1 a restabelecer o contato familiar.<br \/>\nO celular de contato \u00e9 de Apucarana mesmo (43) 99607-1392, com Tatiane. <\/p>\n","protected":false},"excerpt":{"rendered":"<p>Aten\u00e7\u00e3o irm\u00e3os Rog\u00e9rio G\u00f3es e Renato G\u00f3es, filhos de Isaura Isabel da Silva e Sebasti\u00e3o G\u00f3es. Sua m\u00e3e Isaura, que reside em Ourinhos (SP) est\u00e1 \u00e0 procura de voc\u00eas h\u00e1 anos e queria muito reencontr\u00e1-los<\/p>\n","protected":false},"author":4,"featured_media":16565,"comment_status":"closed","ping_status":"open","sticky":false,"template":"","format":"standard","meta":{"footnotes":""},"categories":[24],"tags":[],"class_list":["post-16564","post","type-post","status-publish","format-standard","has-post-thumbnail","hentry","category-noticias"],"acf":[],"_links":{"self":[{"href":"https:\/\/www.apucarana.pr.gov.br\/site\/wp-json\/wp\/v2\/posts\/16564","targetHints":{"allow":["GET"]}}],"collection":[{"href":"https:\/\/www.apucarana.pr.gov.br\/site\/wp-json\/wp\/v2\/posts"}],"about":[{"href":"https:\/\/www.apucarana.pr.gov.br\/site\/wp-json\/wp\/v2\/types\/post"}],"author":[{"embeddable":true,"href":"https:\/\/www.apucarana.pr.gov.br\/site\/wp-json\/wp\/v2\/users\/4"}],"replies":[{"embeddable":true,"href":"https:\/\/www.apucarana.pr.gov.br\/site\/wp-json\/wp\/v2\/comments?post=16564"}],"version-history":[{"count":1,"href":"https:\/\/www.apucarana.pr.gov.br\/site\/wp-json\/wp\/v2\/posts\/16564\/revisions"}],"predecessor-version":[{"id":101240,"href":"https:\/\/www.apucarana.pr.gov.br\/site\/wp-json\/wp\/v2\/posts\/16564\/revisions\/101240"}],"wp:featuredmedia":[{"embeddable":true,"href":"https:\/\/www.apucarana.pr.gov.br\/site\/wp-json\/"}],"wp:attachment":[{"href":"https:\/\/www.apucarana.pr.gov.br\/site\/wp-json\/wp\/v2\/media?parent=16564"}],"wp:term":[{"taxonomy":"category","embeddable":true,"href":"https:\/\/www.apucarana.pr.gov.br\/site\/wp-json\/wp\/v2\/categories?post=16564"},{"taxonomy":"post_tag","embeddable":true,"href":"https:\/\/www.apucarana.pr.gov.br\/site\/wp-json\/wp\/v2\/tags?post=16564"}],"curies":[{"name":"wp","href":"https:\/\/api.w.org\/{rel}","templated":true}]}}