{"id":16563,"date":"2018-07-26T16:35:22","date_gmt":"2018-07-26T19:35:22","guid":{"rendered":"http:\/\/172.16.0.7\/site-antigo\/?p=16563"},"modified":"2024-10-08T09:16:52","modified_gmt":"2024-10-08T12:16:52","slug":"projeto-visita-guiada-de-apucarana-e-apresentado-em-congresso","status":"publish","type":"post","link":"https:\/\/www.apucarana.pr.gov.br\/site\/projeto-visita-guiada-de-apucarana-e-apresentado-em-congresso\/","title":{"rendered":"Projeto \u201cVisita Guiada\u201d de Apucarana \u00e9 apresentado em congresso"},"content":{"rendered":"<p>Desenvolvido pela Escola a Gestante de Apucarana,\u00a0 o projeto \u201cVisita Guiada\u201d de gr\u00e1vidas ao Hospital da Provid\u00eancia Materno Infantil est\u00e1 entre os trabalhos selecionados em todo o pa\u00eds para apresenta\u00e7\u00e3o na 15\u00aa Mostra Brasil Aqui Tem SUS, realizada durante o 34\u00ba Congresso Nacional de Secretarias Municipais de Sa\u00fade (CONASEMS). O evento come\u00e7ou na quarta-feira (25) e termina amanh\u00e3 (27), em Bel\u00e9m (PA).<br \/>\nApucarana est\u00e1 representada no congresso pelo diretor presidente da Autarquia Municipal de Sa\u00fade, Roberto Kaneta, e a apresenta\u00e7\u00e3o do projeto ficou a cargo da coordenadora do Programa de Resid\u00eancia Multiprofissional da AMS, Francieli Nogueira Smanioto.<br \/>\nA \u201cMostra Brasil\u201d divulga a\u00e7\u00f5es bem sucedidas de secretarias municipais de sa\u00fade de todos os estados do pa\u00eds com objetivo de mostrar o SUS que d\u00e1 certo. \u00c9 uma grande oportunidade de troca de experi\u00eancias entre profissionais de sa\u00fade e gestores.<br \/>\nO projeto \u201cVisita Guiada\u201d de gr\u00e1vidas ao Hospital da Provid\u00eancia Materno Infantil come\u00e7ou a ser desenvolvido em 2015 pela Autarquia Municipal de Sa\u00fade, atrav\u00e9s da Escola da Gestante. A a\u00e7\u00e3o, no entanto, foi abra\u00e7ada pelas enfermeiras obstetras do Programa de Resid\u00eancia Multiprofissional da AMS, que a partir de 2016 refor\u00e7aram a equipe que desenvolve o projeto.<br \/>\nCom a ades\u00e3o espont\u00e2nea das gestantes, as visitas guiadas \u00e0 maternidade s\u00e3o antecedidas por orienta\u00e7\u00f5es na Escola da Gestante sobre o processo de trabalho de parto, aleitamento e esclarecimentos de d\u00favidas. Com dia e hor\u00e1rio agendado, sempre \u00e0s sextas-feiras \u00e0s 14 horas, e aos s\u00e1bados pela manh\u00e3, a gestante e o acompanhante visitam a maternidade, fazendo o roteiro que ser\u00e1 percorrido no dia do nascimento do beb\u00ea, conhecendo, por exemplo, a estrutura dos quartos e salas de parto.<br \/>\nDurante a visita as gestantes t\u00eam a oportunidade de conhecer a estrutura da maternidade, m\u00e9todos utilizados durante o trabalho de parto, a sala de parto, a rotina do hospital, bem como a equipe multiprofissional que ir\u00e1 lhe prestar atendimento.<br \/>\nA familiariza\u00e7\u00e3o com a ambiente da maternidade contribui para deixar \u00e0 gestante mais tranquila e confiante, facilitando a assist\u00eancia na hora do parto. O prefeito Beto Preto lembra que a \u201cVisita Guiada\u201d faz parte das medidas, que v\u00eam sendo adotadas durante sua gest\u00e3o, para melhoria da qualidade do atendimento as gestantes no munic\u00edpio.<br \/>\nO 34\u00ba Congresso Nacional de Secretarias Municipais de Sa\u00fade re\u00fane 4,4 mil participantes. O n\u00famero de secret\u00e1rios municipais de sa\u00fade presentes \u00e9 de 1.478.<\/p>\n","protected":false},"excerpt":{"rendered":"<p>A\u00e7\u00e3o promove visita da gestante \u00e0 maternidade: familiariza\u00e7\u00e3o com a ambiente facilita a assist\u00eancia na hora do parto (Fotos &#8211; Edson Denobi)<\/p>\n","protected":false},"author":4,"featured_media":16568,"comment_status":"closed","ping_status":"open","sticky":false,"template":"","format":"standard","meta":{"footnotes":""},"categories":[24],"tags":[],"class_list":["post-16563","post","type-post","status-publish","format-standard","has-post-thumbnail","hentry","category-noticias"],"acf":[],"_links":{"self":[{"href":"https:\/\/www.apucarana.pr.gov.br\/site\/wp-json\/wp\/v2\/posts\/16563","targetHints":{"allow":["GET"]}}],"collection":[{"href":"https:\/\/www.apucarana.pr.gov.br\/site\/wp-json\/wp\/v2\/posts"}],"about":[{"href":"https:\/\/www.apucarana.pr.gov.br\/site\/wp-json\/wp\/v2\/types\/post"}],"author":[{"embeddable":true,"href":"https:\/\/www.apucarana.pr.gov.br\/site\/wp-json\/wp\/v2\/users\/4"}],"replies":[{"embeddable":true,"href":"https:\/\/www.apucarana.pr.gov.br\/site\/wp-json\/wp\/v2\/comments?post=16563"}],"version-history":[{"count":1,"href":"https:\/\/www.apucarana.pr.gov.br\/site\/wp-json\/wp\/v2\/posts\/16563\/revisions"}],"predecessor-version":[{"id":101230,"href":"https:\/\/www.apucarana.pr.gov.br\/site\/wp-json\/wp\/v2\/posts\/16563\/revisions\/101230"}],"wp:featuredmedia":[{"embeddable":true,"href":"https:\/\/www.apucarana.pr.gov.br\/site\/wp-json\/"}],"wp:attachment":[{"href":"https:\/\/www.apucarana.pr.gov.br\/site\/wp-json\/wp\/v2\/media?parent=16563"}],"wp:term":[{"taxonomy":"category","embeddable":true,"href":"https:\/\/www.apucarana.pr.gov.br\/site\/wp-json\/wp\/v2\/categories?post=16563"},{"taxonomy":"post_tag","embeddable":true,"href":"https:\/\/www.apucarana.pr.gov.br\/site\/wp-json\/wp\/v2\/tags?post=16563"}],"curies":[{"name":"wp","href":"https:\/\/api.w.org\/{rel}","templated":true}]}}