{"id":16557,"date":"2018-07-26T15:06:16","date_gmt":"2018-07-26T18:06:16","guid":{"rendered":"http:\/\/172.16.0.7\/site-antigo\/?p=16557"},"modified":"2024-10-08T09:16:52","modified_gmt":"2024-10-08T12:16:52","slug":"recital-de-piano-encerra-as-apresentacoes-do-38o-fml-em-apucarana","status":"publish","type":"post","link":"https:\/\/www.apucarana.pr.gov.br\/site\/recital-de-piano-encerra-as-apresentacoes-do-38o-fml-em-apucarana\/","title":{"rendered":"Recital de piano encerra as apresenta\u00e7\u00f5es do 38\u00ba FIML em Apucarana"},"content":{"rendered":"<p>Encerrando a programa\u00e7\u00e3o da extens\u00e3o do 38\u00ba Festival Internacional de M\u00fasica de Londrina, em Apucarana, o Cine Teatro F\u00eanix receber\u00e1 nesta sexta-feira (27), \u00e0s 20h, o Recital de Piano com o brasileiro, radicado na Alemanha, Allan Duarte Manhas. A entrada \u00e9 gratuita, sendo que o ingresso deve ser retirado com uma hora de anteced\u00eancia na bilheteria do teatro, respeitando o limite de 480 lugares.<br \/>\nAllan Duarte Manhas fez seu Bacharelado em m\u00fasica na Escola de Comunica\u00e7\u00f5es e Artes (ECA) da Universidade de S\u00e3o Paulo, em Ribeir\u00e3o Preto. Ap\u00f3s o per\u00edodo de estudos na Ucr\u00e2nia transferiu-se em 2008 para a Alemanha. Em 2012, obteve o t\u00edtulo de mestre e em 2014 finalizou a p\u00f3s-gradua\u00e7\u00e3o em piano solo (Konzertexamen) pelo Instituto de M\u00fasica da Universidade Martin-Luther de Halle-Wittenberg.<br \/>\nCom premia\u00e7\u00f5es em festivais e concursos nacionais e internacionais, Allan tem se apresentado no Brasil, Chile, Argentina, Ucr\u00e2nia, B\u00e9lgica, Litu\u00e2nia, R\u00fassia, Estados Unidos e Alemanha. Foi docente e pianista do Instituto de M\u00fasica da Universidade Martin-Luther em Halle (Saale) entre 2011 e 2016. Atualmente reside em Berlim, onde atua como pianista e professor de piano nas escolas estatais de M\u00fasica de Berlim-Central e Berlim-Sch\u00f6neberg.<br \/>\nEntre as obras que ser\u00e3o apresentadas est\u00e3o as do m\u00fasico e compositor franc\u00eas, Claude Debussy e do pianista polon\u00eas, Fr\u00e9d\u00e9ric Chopin.<\/p>\n","protected":false},"excerpt":{"rendered":"<p>(Fotos: Divulga\u00e7\u00e3o) <\/p>\n","protected":false},"author":4,"featured_media":16558,"comment_status":"closed","ping_status":"open","sticky":false,"template":"","format":"standard","meta":{"footnotes":""},"categories":[24],"tags":[],"class_list":["post-16557","post","type-post","status-publish","format-standard","has-post-thumbnail","hentry","category-noticias"],"acf":[],"_links":{"self":[{"href":"https:\/\/www.apucarana.pr.gov.br\/site\/wp-json\/wp\/v2\/posts\/16557","targetHints":{"allow":["GET"]}}],"collection":[{"href":"https:\/\/www.apucarana.pr.gov.br\/site\/wp-json\/wp\/v2\/posts"}],"about":[{"href":"https:\/\/www.apucarana.pr.gov.br\/site\/wp-json\/wp\/v2\/types\/post"}],"author":[{"embeddable":true,"href":"https:\/\/www.apucarana.pr.gov.br\/site\/wp-json\/wp\/v2\/users\/4"}],"replies":[{"embeddable":true,"href":"https:\/\/www.apucarana.pr.gov.br\/site\/wp-json\/wp\/v2\/comments?post=16557"}],"version-history":[{"count":1,"href":"https:\/\/www.apucarana.pr.gov.br\/site\/wp-json\/wp\/v2\/posts\/16557\/revisions"}],"predecessor-version":[{"id":101232,"href":"https:\/\/www.apucarana.pr.gov.br\/site\/wp-json\/wp\/v2\/posts\/16557\/revisions\/101232"}],"wp:featuredmedia":[{"embeddable":true,"href":"https:\/\/www.apucarana.pr.gov.br\/site\/wp-json\/"}],"wp:attachment":[{"href":"https:\/\/www.apucarana.pr.gov.br\/site\/wp-json\/wp\/v2\/media?parent=16557"}],"wp:term":[{"taxonomy":"category","embeddable":true,"href":"https:\/\/www.apucarana.pr.gov.br\/site\/wp-json\/wp\/v2\/categories?post=16557"},{"taxonomy":"post_tag","embeddable":true,"href":"https:\/\/www.apucarana.pr.gov.br\/site\/wp-json\/wp\/v2\/tags?post=16557"}],"curies":[{"name":"wp","href":"https:\/\/api.w.org\/{rel}","templated":true}]}}