{"id":16549,"date":"2018-07-26T12:15:32","date_gmt":"2018-07-26T15:15:32","guid":{"rendered":"http:\/\/172.16.0.7\/site-antigo\/?p=16549"},"modified":"2024-10-08T09:16:52","modified_gmt":"2024-10-08T12:16:52","slug":"bom-negocio-vai-iniciar-nova-turma-em-gestao-de-pequenas-empresas","status":"publish","type":"post","link":"https:\/\/www.apucarana.pr.gov.br\/site\/bom-negocio-vai-iniciar-nova-turma-em-gestao-de-pequenas-empresas\/","title":{"rendered":"Bom Neg\u00f3cio vai iniciar nova turma  em gest\u00e3o de pequenas empresas"},"content":{"rendered":"<p>A Prefeitura de Apucarana, a Unespar, Sebrae, Sala do Empreendedor e Fomento Paran\u00e1 v\u00e3o realizar mais um curso de capacita\u00e7\u00e3o\u00a0 de micro e pequenos empreendedores. Essa ser\u00e1 a 12\u00aa edi\u00e7\u00e3o do Programa Bom Neg\u00f3cio Paran\u00e1 em Apucarana e as aulas come\u00e7am no dia 2 de agosto. A capacita\u00e7\u00e3o empresarial \u00e9 voltada para empreendedores formalizados ou para quem pretende abrir um neg\u00f3cio.<br \/>\nDe acordo com a consultora do Programa Bom Neg\u00f3cio Paran\u00e1, Cec\u00edlia Werneck, o curso ter\u00e1 66 horas\/aula, distribu\u00eddas tr\u00eas vezes por semana. A aula inaugural ocorre na pr\u00f3xima quinta-feira (02\/08), \u00e0s 19 horas, no sal\u00e3o nobre da Prefeitura. \u201c\u00c9 um curso r\u00e1pido e din\u00e2mico, com dura\u00e7\u00e3o de cerca de dois meses, com aulas \u00e0s segundas, ter\u00e7as e quartas, sempre das 19 \u00e0s 22 horas\u201d, detalha Werneck.<br \/>\nEntre os m\u00f3dulos que ser\u00e3o ministrados est\u00e3o gest\u00e3o de neg\u00f3cios, comercial, financeira, estrat\u00e9gica e de pessoas. \u201cAqui em Apucarana, n\u00f3s teremos um m\u00f3dulo especial sobre licita\u00e7\u00f5es, para que os pequenos empreendedores saibam dos benef\u00edcios de participar das compras p\u00fablicas\u201d, observa Werneck.<br \/>\nO Programa Bom Neg\u00f3cio Paran\u00e1 \u00e9 maior iniciativa de capacita\u00e7\u00e3o gratuita na \u00e1rea de empreendedorismo no pa\u00eds. Conforme o secret\u00e1rio municipal de Ind\u00fastria e Com\u00e9rcio, Edison Strope, somente em Apucarana mais de 650 pessoas j\u00e1 foram capacitadas. \u201cA falta de conhecimento na gest\u00e3o de neg\u00f3cios \u00e9 o fator que mais gera fal\u00eancias. N\u00e3o adianta abrir uma empresa para depois fech\u00e1-la l\u00e1 na frente. Neste sentido, o curso \u00e9 fundamental, ensinando os passos e orientando os empreendedores\u201d, frisa Estrope.<br \/>\nAl\u00e9m das aulas gratuitas, o programa permite aos empreendedores que realizarem o curso acesso a empr\u00e9stimos pelo Banco do Empreendedor, do Fomento Paran\u00e1, com juros considerados um dos mais baixos do pa\u00eds. \u201cA pessoa saindo com a certifica\u00e7\u00e3o do curso consegue captar recursos com juros reduzidos, pois os agentes financeiros entendem que a probabilidade com a capacita\u00e7\u00e3o de o neg\u00f3cio dar certo \u00e9 muito maior\u201d, refor\u00e7a Estrope.<br \/>\nMais informa\u00e7\u00f5es na Sala do Empreendedor, localizado no t\u00e9rreo da Prefeitura de Apucarana, ou pelo telefone\u00a03423-3028.<br \/>\nClique e ou\u00e7a esta mat\u00e9ria<br \/>\nCec\u00edlia Werneck- consultora Bom Neg\u00f3cio Paran\u00e1<br \/>\nhttps:\/\/soundcloud.com\/prefeitura-municipal-apucarana\/cecilia-werneck-bom-negocio-parana-25-07-18<br \/>\nEdison Strope- secret\u00e1rio de Ind\u00fastria e Com\u00e9rcio<br \/>\nhttps:\/\/soundcloud.com\/prefeitura-municipal-apucarana\/edson-strope-bom-negocio-parana-25-07-18<br \/>\n&nbsp;<\/p>\n","protected":false},"excerpt":{"rendered":"<p>A aula inaugural ocorre na pr\u00f3xima quinta-feira (02\/08), \u00e0s 19 horas, no sal\u00e3o nobre da Prefeitura. (Foto: Guto Marques)<\/p>\n","protected":false},"author":4,"featured_media":16552,"comment_status":"closed","ping_status":"open","sticky":false,"template":"","format":"standard","meta":{"footnotes":""},"categories":[24],"tags":[],"class_list":["post-16549","post","type-post","status-publish","format-standard","has-post-thumbnail","hentry","category-noticias"],"acf":[],"_links":{"self":[{"href":"https:\/\/www.apucarana.pr.gov.br\/site\/wp-json\/wp\/v2\/posts\/16549","targetHints":{"allow":["GET"]}}],"collection":[{"href":"https:\/\/www.apucarana.pr.gov.br\/site\/wp-json\/wp\/v2\/posts"}],"about":[{"href":"https:\/\/www.apucarana.pr.gov.br\/site\/wp-json\/wp\/v2\/types\/post"}],"author":[{"embeddable":true,"href":"https:\/\/www.apucarana.pr.gov.br\/site\/wp-json\/wp\/v2\/users\/4"}],"replies":[{"embeddable":true,"href":"https:\/\/www.apucarana.pr.gov.br\/site\/wp-json\/wp\/v2\/comments?post=16549"}],"version-history":[{"count":1,"href":"https:\/\/www.apucarana.pr.gov.br\/site\/wp-json\/wp\/v2\/posts\/16549\/revisions"}],"predecessor-version":[{"id":101233,"href":"https:\/\/www.apucarana.pr.gov.br\/site\/wp-json\/wp\/v2\/posts\/16549\/revisions\/101233"}],"wp:featuredmedia":[{"embeddable":true,"href":"https:\/\/www.apucarana.pr.gov.br\/site\/wp-json\/"}],"wp:attachment":[{"href":"https:\/\/www.apucarana.pr.gov.br\/site\/wp-json\/wp\/v2\/media?parent=16549"}],"wp:term":[{"taxonomy":"category","embeddable":true,"href":"https:\/\/www.apucarana.pr.gov.br\/site\/wp-json\/wp\/v2\/categories?post=16549"},{"taxonomy":"post_tag","embeddable":true,"href":"https:\/\/www.apucarana.pr.gov.br\/site\/wp-json\/wp\/v2\/tags?post=16549"}],"curies":[{"name":"wp","href":"https:\/\/api.w.org\/{rel}","templated":true}]}}