{"id":16540,"date":"2018-07-25T21:30:58","date_gmt":"2018-07-26T00:30:58","guid":{"rendered":"http:\/\/172.16.0.7\/site-antigo\/?p=16540"},"modified":"2024-10-08T09:16:52","modified_gmt":"2024-10-08T12:16:52","slug":"apucarana-reitera-falta-de-vacinas-e-mostra-pedidos-feitos-ao-estado","status":"publish","type":"post","link":"https:\/\/www.apucarana.pr.gov.br\/site\/apucarana-reitera-falta-de-vacinas-e-mostra-pedidos-feitos-ao-estado\/","title":{"rendered":"Apucarana reitera falta de vacinas e mostra pedidos feitos ao Estado"},"content":{"rendered":"<p>A falta de vacinas em Apucarana \u00e9 uma dura realidade e isso \u00e9 de f\u00e1cil constata\u00e7\u00e3o pelos pais que t\u00eam procurado as Unidades B\u00e1sicas de Sa\u00fade (UBS) e que, em muitos casos, n\u00e3o conseguem imunizar seus filhos. A declara\u00e7\u00e3o \u00e9 do prefeito e m\u00e9dico Beto Preto que reitera, com veem\u00eancia, que a falta de vacinas \u00e9 ver\u00eddica em Apucarana.<br \/>\nConforme argumenta ele, os munic\u00edpios n\u00e3o compram as vacinas, apenas administram as doses recebidas do Estado, via 16\u00aa Regional de sa\u00fade. \u201cRegistramos o problema \u00e0 Secretaria de Estado da Sa\u00fade (SESA), por meio do Sr. Jo\u00e3o Crivelari, um dos respons\u00e1veis pelo setor, e at\u00e9 agora n\u00e3o tivemos uma solu\u00e7\u00e3o\u201d, informa Beto Preto.<br \/>\nEle relata que nesta quarta-feira a prefeitura recebeu uma nota \u00e0 imprensa, distribu\u00edda pela Assessoria de Comunica\u00e7\u00e3o Social da SESA, informando que o Munic\u00edpio de Apucarana tem recebido o n\u00famero adequado de vacinas para atender sua popula\u00e7\u00e3o. A nota diz ainda que a aquisi\u00e7\u00e3o de vacinas \u00e9 de responsabilidade do Minist\u00e9rio da Sa\u00fade, e ainda que desde 2017, o governo federal tem reduzido a quantidade de doses destinadas aos estados.<br \/>\nDe posse de diversos pedidos de vacinas, remetidos de abril at\u00e9 o m\u00eas de julho, pela Autarquia Municipal de Sa\u00fade de Apucarana \u00e0 Secretaria de Estado da Sa\u00fade, por meio da 16\u00aa Regional de Sa\u00fade, o prefeito Beto Preto contesta a vers\u00e3o dada pela SESA.<br \/>\nO prefeito relata que de abril at\u00e9 agora foram pedidas 2.390 doses da vacina tetra viral e recebidas apenas 582. \u201cCom rela\u00e7\u00e3o \u00e0 vacina anti p\u00f3lio, foram solicitadas 13 mil doses e recebidas somente 1950 doses. J\u00e1 a vacina contra Varicela, foram pedidas 2.130 doses e entregues apenas 240\u201d, revela Beto Preto.<br \/>\n\u201cReitero o meu respeito a todas as autoridades da sa\u00fade, mas podemos comprovar com documentos oficiais os pedidos de vacinas que fizemos. Estamos autenticando estes documentos em cart\u00f3rio e entregando nas m\u00e3os do Minist\u00e9rio P\u00fablico\u201d, anunciou o prefeito.<br \/>\nPara o m\u00e9dico Beto Preto, que atua h\u00e1 mais de vinte anos na \u00e1rea de sa\u00fade p\u00fablica, \u00e9 inadmiss\u00edvel a falta de vacinas, gerando risco \u00e0 popula\u00e7\u00e3o e, principalmente, \u00e0s crian\u00e7as. \u201cEstou levando esta situa\u00e7\u00e3o ao conhecimento da Frente Nacional de Prefeitos (FNP), da qual sou vice-presidente nacional para a \u00e1rea de sa\u00fade p\u00fablica. Tamb\u00e9m vou notificar a Confedera\u00e7\u00e3o Nacional dos Munic\u00edpios (CNM), e pedir um posicionamento da Associa\u00e7\u00e3o dos Munic\u00edpios do Paran\u00e1 (AMP)\u201d, informa ele.<br \/>\nConforme argumenta o prefeito de Apucarana, esta quest\u00e3o deve ser tratada com a gravidade que ela merece. \u201cAo que parece est\u00e1 ocorrendo um desmonte do Programa Nacional de Imuniza\u00e7\u00e3o, e a culpa n\u00e3o \u00e9 dos munic\u00edpios\u201d, frisa Beto Preto, lembrando que \u201ccobram metas e \u00edndices de vacina\u00e7\u00e3o dos munic\u00edpios, mas n\u00e3o est\u00e3o entregando as doses suficientes para atender a demanda\u201d.<br \/>\nO prefeito conclui, apresentando relat\u00f3rios de estoques de vacinas da Autarquia Municipal de Sa\u00fade. \u201cHoje n\u00e3o temos uma dose sequer de vacinas para varicela e tetra viral; nosso estoque \u00e9 zero\u201d, enfatiza, assinalando que \u201c\u00e9 preciso que se resolva essa situa\u00e7\u00e3o, pois n\u00e3o cabe aos munic\u00edpios a compra de vacinas\u201d.<\/p>\n","protected":false},"excerpt":{"rendered":"<p>Prefeito contesta vers\u00e3o da 16\u00aa RS assegurando que a cidade teria vacinas suficientes para atender a popula\u00e7\u00e3o (Foto: Profeta)<\/p>\n","protected":false},"author":4,"featured_media":16545,"comment_status":"closed","ping_status":"open","sticky":false,"template":"","format":"standard","meta":{"footnotes":""},"categories":[24],"tags":[],"class_list":["post-16540","post","type-post","status-publish","format-standard","has-post-thumbnail","hentry","category-noticias"],"acf":[],"_links":{"self":[{"href":"https:\/\/www.apucarana.pr.gov.br\/site\/wp-json\/wp\/v2\/posts\/16540","targetHints":{"allow":["GET"]}}],"collection":[{"href":"https:\/\/www.apucarana.pr.gov.br\/site\/wp-json\/wp\/v2\/posts"}],"about":[{"href":"https:\/\/www.apucarana.pr.gov.br\/site\/wp-json\/wp\/v2\/types\/post"}],"author":[{"embeddable":true,"href":"https:\/\/www.apucarana.pr.gov.br\/site\/wp-json\/wp\/v2\/users\/4"}],"replies":[{"embeddable":true,"href":"https:\/\/www.apucarana.pr.gov.br\/site\/wp-json\/wp\/v2\/comments?post=16540"}],"version-history":[{"count":1,"href":"https:\/\/www.apucarana.pr.gov.br\/site\/wp-json\/wp\/v2\/posts\/16540\/revisions"}],"predecessor-version":[{"id":101234,"href":"https:\/\/www.apucarana.pr.gov.br\/site\/wp-json\/wp\/v2\/posts\/16540\/revisions\/101234"}],"wp:featuredmedia":[{"embeddable":true,"href":"https:\/\/www.apucarana.pr.gov.br\/site\/wp-json\/"}],"wp:attachment":[{"href":"https:\/\/www.apucarana.pr.gov.br\/site\/wp-json\/wp\/v2\/media?parent=16540"}],"wp:term":[{"taxonomy":"category","embeddable":true,"href":"https:\/\/www.apucarana.pr.gov.br\/site\/wp-json\/wp\/v2\/categories?post=16540"},{"taxonomy":"post_tag","embeddable":true,"href":"https:\/\/www.apucarana.pr.gov.br\/site\/wp-json\/wp\/v2\/tags?post=16540"}],"curies":[{"name":"wp","href":"https:\/\/api.w.org\/{rel}","templated":true}]}}