{"id":16526,"date":"2018-07-25T17:26:14","date_gmt":"2018-07-25T20:26:14","guid":{"rendered":"http:\/\/172.16.0.7\/site-antigo\/?p=16526"},"modified":"2024-10-08T09:16:52","modified_gmt":"2024-10-08T12:16:52","slug":"apucarana-investe-r33-milhoes-em-tecnologia-da-informacao-nas-escolas-e-cmeis","status":"publish","type":"post","link":"https:\/\/www.apucarana.pr.gov.br\/site\/apucarana-investe-r33-milhoes-em-tecnologia-da-informacao-nas-escolas-e-cmeis\/","title":{"rendered":"Apucarana investe R$3,3 milh\u00f5es em tecnologia da informa\u00e7\u00e3o nas escolas e CMEI\u2019s"},"content":{"rendered":"<p>A Prefeitura de Apucarana, por interm\u00e9dio da Autarquia Municipal de Educa\u00e7\u00e3o (AME), est\u00e1 implantando o maior programa de difus\u00e3o da inform\u00e1tica junto a alunos do ensino b\u00e1sico no Paran\u00e1. A iniciativa, que visa aliar modernas ferramentas digitais ao aprendizado em sala de aula dos cerca de 8 mil alunos das 37 escolas da rede municipal e atendimento de mais de 2 mil crian\u00e7as junto aos 23 centros municipais de educa\u00e7\u00e3o infantil (CMEI\u2019s), foi lan\u00e7ada oficialmente nesta quarta-feira (25\/07) pelo prefeito Beto Preto (PSD, durante evento de capacita\u00e7\u00e3o continuada dos profissionais da rede municipal, que acontece no campus Apucarana da Universidade Estadual do Paran\u00e1 (Unespar).<br \/>\n\u201cEste \u00e9 um momento hist\u00f3rico para a educa\u00e7\u00e3o municipal de Apucarana. O que presenciamos hoje \u00e9 uma virada de p\u00e1gina sem precedentes na hist\u00f3ria da cidade, onde no que tange acesso \u00e0 tecnologia a prefeitura retira a educa\u00e7\u00e3o municipal de um patamar de in\u00edcio do s\u00e9culo XX e a coloca em um processo de desenvolvimento digno do s\u00e9culo XXI. Um grande salto para o futuro, investimento que supera at\u00e9 mesmo projetos existentes em n\u00edvel de col\u00e9gios da rede privada e que tem como objetivo formar uma gera\u00e7\u00e3o vitoriosa de apucaranenses\u201d, disse o prefeito Beto Preto.<br \/>\nO ato de lan\u00e7amento da iniciativa, que inicia a cria\u00e7\u00e3o de uma cultura digital em todas as unidades educacionais do munic\u00edpio de Apucarana, envolveu a assinatura de conv\u00eanio com o campus avan\u00e7ado de Jandaia do Sul da Universidade Federal do Paran\u00e1 (UFPR) que, ao longo do semestre ir\u00e1 ministrar capacita\u00e7\u00f5es aos professores da rede municipal, e entrega de 2.610 equipamentos de inform\u00e1tica, sendo 1.770 netbooks para as 37 escolas municipais e 800 tablets aos 23 centros de educa\u00e7\u00e3o infantil (CMEI\u2019s), al\u00e9m de 40 notebooks que foram adquiridos para os professores. O n\u00famero de equipamentos e laborat\u00f3rios ser\u00e1 distribu\u00eddo de acordo com a quantidade de alunos de cada institui\u00e7\u00e3o. \u201cTodos os equipamentos estar\u00e3o conectados \u00e0 internet, atrav\u00e9s de um moderno servidor tamb\u00e9m adquirido pela Autarquia de Educa\u00e7\u00e3o\u201d, explicou professora Marli Fernandes, diretora-presidente da AME.<br \/>\nOs aparelhos v\u00eam acondicionados em gabinetes, que funcionam como laborat\u00f3rios itinerantes, facilitando seu transporte, armazenamento e a recarga el\u00e9trica. \u201cImportante salientar que as turmas de Educa\u00e7\u00e3o Especial tamb\u00e9m v\u00e3o receber tablets, com diversas atividades e jogos. Os recursos audiovisuais e l\u00fadicos s\u00e3o importantes para a alfabetiza\u00e7\u00e3o e o desenvolvimento das crian\u00e7as com necessidades diferenciadas\u201d, acentuou Marli.<br \/>\nAl\u00e9m dos equipamentos destinados aos docentes e alunos, a Autarquia Municipal de Educa\u00e7\u00e3o tamb\u00e9m repassou recentemente 155 computadores desktop para as salas de dire\u00e7\u00e3o, coordena\u00e7\u00e3o e secretarias escolares. O valor investido nos lotes de aparelhos eletr\u00f4nicos de inform\u00e1tica soma R$ 3.332.625,00, com recursos pr\u00f3prios do munic\u00edpio. \u201cNossas escolas j\u00e1 possuem laborat\u00f3rios de inform\u00e1tica fixos mas, atrav\u00e9s deste programa que lan\u00e7amos agora, contar\u00e3o com laborat\u00f3rios m\u00f3veis ou itinerantes (estantes), possibilitando que as novas tecnologias estejam ainda mais acess\u00edveis aos professores e alunos, literalmente dentro das salas de aula, configurando-se em grande diferencial na forma\u00e7\u00e3o escolar, servindo para agu\u00e7ar a curiosidade das crian\u00e7as e incentivar pesquisas sobre os conte\u00fados lecionados\u201d, pontuou a diretora-presidente da AME, professora Marli Fernandes.<br \/>\nProfessores v\u00e3o receber capacita\u00e7\u00e3o da UFPR<br \/>\nPara auxiliar na incorpora\u00e7\u00e3o da tecnologia em sala de aula, a Autarquia Municipal de Educa\u00e7\u00e3o firmou parceria com o campus avan\u00e7ado de Jandaia do Sul da Universidade Federal do Paran\u00e1 (UFPR) que, atrav\u00e9s do curso de Licenciatura em Computa\u00e7\u00e3o, vai promover a forma\u00e7\u00e3o continuada \u201cHands-on-Tec\u201d com todos os professores da rede municipal. \u201cO curso \u00e9 voltado aos professores de todas as disciplinas, que v\u00e3o participar de aulas on-line e presenciais at\u00e9 o final semestre. A primeira turma, entretanto, abranger\u00e1 os coordenadores escolares\u201d, explicou professora Marli Fernandes, diretora-presidente da AME, que agradeceu o interesse da universidade em fazer parte do programa.<br \/>\nA forma\u00e7\u00e3o \u201cHands-on-Tec\u201d tem como intuito integrar as m\u00eddias digitais ao conte\u00fado curricular, fazendo com que deixem de ser apenas entretenimento e colaborem com o desenvolvimento da aprendizagem dos alunos. Uma estrat\u00e9gia pedag\u00f3gica que surge a partir da adapta\u00e7\u00e3o da T\u00e9cnica Hands-on, em conjunto com a Teoria de Resolu\u00e7\u00e3o de Problemas (RP) e a utiliza\u00e7\u00e3o das Tecnologias Educacionais M\u00f3veis (TEM). \u201cEsta proposta de Apucarana, que integra a tecnologia com o programa curricular das escolas, \u00e9 algo inovador. A introdu\u00e7\u00e3o da inform\u00e1tica a partir da educa\u00e7\u00e3o fundamental \u00e9 foco das nossas pesquisas. Um grande desafio, mas que acreditamos muito ser o caminho. N\u00e3o investir neste sentido \u00e9 manter uma educa\u00e7\u00e3o distante do tempo das crian\u00e7as. Apucarana est\u00e1 de parab\u00e9ns, a Educa\u00e7\u00e3o agradece por esta iniciativa\u201d, disse professora Doutora em Educa\u00e7\u00e3o Cient\u00edfica e Tecnol\u00f3gica da UFPR, Selma dos Santos Rosa.<br \/>\nPresen\u00e7as \u2013 Entre as autoridades presentes no lan\u00e7amento estiveram ainda o vice-prefeito J\u00fanior da Femac, o vereador Francislei \u201cPoim\u201d Godoi, que no ato representou a C\u00e2mara de Vereadores, e o professor doutor da UTFPR e um dos coordenadores do \u201cHands-on-Tec, Valdir Rosa.<br \/>\nClique e ou\u00e7a esta mat\u00e9ria<br \/>\nBeto Preto- prefeito de Apucarana<br \/>\nhttps:\/\/soundcloud.com\/prefeitura-municipal-apucarana\/beto-preto-tecnologia-nas-escolas-25-07-18<br \/>\nMarli Fernandes- secret\u00e1ria Municipal de educa\u00e7\u00e3o<br \/>\nhttps:\/\/soundcloud.com\/prefeitura-municipal-apucarana\/180725_002a<br \/>\nSelma Rosa dos Santos- coordenadora do Curso de Tecnologia da UFPR<br \/>\nhttps:\/\/soundcloud.com\/prefeitura-municipal-apucarana\/selma-rosa-dos-santos-tecnologia-nas-escolas-25-07-18<br \/>\n&nbsp;<br \/>\n&nbsp;<\/p>\n","protected":false},"excerpt":{"rendered":"<p>Iniciativa da prefeitura cria uma cultura digital em todas as unidades educacionais do munic\u00edpio, aliando modernas ferramentas digitais ao aprendizado em sala de aula (Foto: Profeta)<\/p>\n","protected":false},"author":4,"featured_media":16534,"comment_status":"closed","ping_status":"open","sticky":false,"template":"","format":"standard","meta":{"footnotes":""},"categories":[24],"tags":[],"class_list":["post-16526","post","type-post","status-publish","format-standard","has-post-thumbnail","hentry","category-noticias"],"acf":[],"_links":{"self":[{"href":"https:\/\/www.apucarana.pr.gov.br\/site\/wp-json\/wp\/v2\/posts\/16526","targetHints":{"allow":["GET"]}}],"collection":[{"href":"https:\/\/www.apucarana.pr.gov.br\/site\/wp-json\/wp\/v2\/posts"}],"about":[{"href":"https:\/\/www.apucarana.pr.gov.br\/site\/wp-json\/wp\/v2\/types\/post"}],"author":[{"embeddable":true,"href":"https:\/\/www.apucarana.pr.gov.br\/site\/wp-json\/wp\/v2\/users\/4"}],"replies":[{"embeddable":true,"href":"https:\/\/www.apucarana.pr.gov.br\/site\/wp-json\/wp\/v2\/comments?post=16526"}],"version-history":[{"count":1,"href":"https:\/\/www.apucarana.pr.gov.br\/site\/wp-json\/wp\/v2\/posts\/16526\/revisions"}],"predecessor-version":[{"id":101235,"href":"https:\/\/www.apucarana.pr.gov.br\/site\/wp-json\/wp\/v2\/posts\/16526\/revisions\/101235"}],"wp:featuredmedia":[{"embeddable":true,"href":"https:\/\/www.apucarana.pr.gov.br\/site\/wp-json\/"}],"wp:attachment":[{"href":"https:\/\/www.apucarana.pr.gov.br\/site\/wp-json\/wp\/v2\/media?parent=16526"}],"wp:term":[{"taxonomy":"category","embeddable":true,"href":"https:\/\/www.apucarana.pr.gov.br\/site\/wp-json\/wp\/v2\/categories?post=16526"},{"taxonomy":"post_tag","embeddable":true,"href":"https:\/\/www.apucarana.pr.gov.br\/site\/wp-json\/wp\/v2\/tags?post=16526"}],"curies":[{"name":"wp","href":"https:\/\/api.w.org\/{rel}","templated":true}]}}