{"id":16520,"date":"2018-07-25T16:24:46","date_gmt":"2018-07-25T19:24:46","guid":{"rendered":"http:\/\/172.16.0.7\/site-antigo\/?p=16520"},"modified":"2024-10-08T09:16:53","modified_gmt":"2024-10-08T12:16:53","slug":"ubs-antonio-sachelli-promove-curso-para-gestantes","status":"publish","type":"post","link":"https:\/\/www.apucarana.pr.gov.br\/site\/ubs-antonio-sachelli-promove-curso-para-gestantes\/","title":{"rendered":"UBS Ant\u00f4nio Sachelli promove curso para gestantes"},"content":{"rendered":"<p>A Unidade B\u00e1sica de Sa\u00fade (UBS) Ant\u00f4nio Sachelli, no Jardim Colonial, promoveu neste m\u00eas um curso de gestantes abordando temas voltados \u00e0 garantia a sa\u00fade das futuras mam\u00e3es e de seus beb\u00eas, tanto durante a gravidez como ap\u00f3s o nascimento da crian\u00e7a. Desenvolvido durante tr\u00eas dias ao longo do m\u00eas de julho, o curso teve a parceria da UBS, do SAMU e da Resid\u00eancia Multiprofissional em Enfermagem Obst\u00e9trica.<br \/>\nEnvolvendo uma equipe multiprofissional de m\u00e9dico, enfermeiros, enfermeiro obstetra, fisioterapeuta, nutricionista, psic\u00f3loga, dentista e educador f\u00edsico, o curso abordou temas como import\u00e2ncia do pr\u00e9-natal (consultas, exames, vacinas) e do acompanhamento odontol\u00f3gico; \u00a0mitos e verdades sobre gravidez (alimenta\u00e7\u00e3o, sexo, aleitamento materno); altera\u00e7\u00f5es fisiol\u00f3gicas da gravidez, postura e alongamento; relaxamento e conex\u00e3o com o beb\u00ea (medita\u00e7\u00e3o);\u00a0 tipos de parto e trabalho de parto; sinais e sintomas do parto; viol\u00eancia obst\u00e9trica e leis que amparam a gestante, parturiente e pu\u00e9rpera; import\u00e2ncia da visita guiada na maternidade; cuidados com rec\u00e9m-nascido (banho, cuidado com coto umbilical, c\u00f3licas, puericultura, vacinas, entre outros); manobra de Heimlich (desengasgo); puerp\u00e9rio, rede de apoio e aleitamento materno; e pintura na barriga das gestantes mostrando posi\u00e7\u00e3o do beb\u00ea.<br \/>\n\u201cAl\u00e9m de transmitir informa\u00e7\u00f5es importantes, nossa expectativa \u00e9 de que este curso fortale\u00e7a o v\u00ednculo das gestantes com a equipe de sa\u00fade da UBS, aumentando a participa\u00e7\u00e3o no pr\u00e9-natal e, posteriormente, no acompanhamento da puericultura dos beb\u00eas. \u00c9 mais uma a\u00e7\u00e3o voltada \u00e0 redu\u00e7\u00e3o do \u00edndice de mortalidade infantil\u201d, afirma a enfermeira Denise Mayumi Nagai.<br \/>\nAo t\u00e9rmino do curso, realizado na Associa\u00e7\u00e3o da Sanepar, as gestantes receberam um certificado e kit maternidade contendo fraldas, roupinhas, luvas e gorro. A UBS Ant\u00f4nio Sachelli \u00e9 uma das oito unidades de sa\u00fade de Apucarana que realiza pr\u00e9-natal, descentralizando o atendimento realizado na Escola da Gestante.<br \/>\nA inten\u00e7\u00e3o da Autarquia Municipal de Sa\u00fade \u00e9 estender o curso de gestantes para as outras sete UBSs que oferecem o pr\u00e9-natal.<br \/>\n&nbsp;<br \/>\n&nbsp;<br \/>\n&nbsp;<br \/>\n&nbsp;<br \/>\n&nbsp;<br \/>\n&nbsp;<br \/>\n&nbsp;<br \/>\n&nbsp;<br \/>\n&nbsp;<\/p>\n","protected":false},"excerpt":{"rendered":"<p>Iniciativa \u00e9 voltada \u00e0 garantia da sa\u00fade das futuras mam\u00e3es e de seus beb\u00eas, tanto durante a gravidez como ap\u00f3s o nascimento da crian\u00e7a<\/p>\n","protected":false},"author":4,"featured_media":16521,"comment_status":"closed","ping_status":"open","sticky":false,"template":"","format":"standard","meta":{"footnotes":""},"categories":[24],"tags":[],"class_list":["post-16520","post","type-post","status-publish","format-standard","has-post-thumbnail","hentry","category-noticias"],"acf":[],"_links":{"self":[{"href":"https:\/\/www.apucarana.pr.gov.br\/site\/wp-json\/wp\/v2\/posts\/16520","targetHints":{"allow":["GET"]}}],"collection":[{"href":"https:\/\/www.apucarana.pr.gov.br\/site\/wp-json\/wp\/v2\/posts"}],"about":[{"href":"https:\/\/www.apucarana.pr.gov.br\/site\/wp-json\/wp\/v2\/types\/post"}],"author":[{"embeddable":true,"href":"https:\/\/www.apucarana.pr.gov.br\/site\/wp-json\/wp\/v2\/users\/4"}],"replies":[{"embeddable":true,"href":"https:\/\/www.apucarana.pr.gov.br\/site\/wp-json\/wp\/v2\/comments?post=16520"}],"version-history":[{"count":1,"href":"https:\/\/www.apucarana.pr.gov.br\/site\/wp-json\/wp\/v2\/posts\/16520\/revisions"}],"predecessor-version":[{"id":101236,"href":"https:\/\/www.apucarana.pr.gov.br\/site\/wp-json\/wp\/v2\/posts\/16520\/revisions\/101236"}],"wp:featuredmedia":[{"embeddable":true,"href":"https:\/\/www.apucarana.pr.gov.br\/site\/wp-json\/"}],"wp:attachment":[{"href":"https:\/\/www.apucarana.pr.gov.br\/site\/wp-json\/wp\/v2\/media?parent=16520"}],"wp:term":[{"taxonomy":"category","embeddable":true,"href":"https:\/\/www.apucarana.pr.gov.br\/site\/wp-json\/wp\/v2\/categories?post=16520"},{"taxonomy":"post_tag","embeddable":true,"href":"https:\/\/www.apucarana.pr.gov.br\/site\/wp-json\/wp\/v2\/tags?post=16520"}],"curies":[{"name":"wp","href":"https:\/\/api.w.org\/{rel}","templated":true}]}}