{"id":16508,"date":"2018-07-25T12:36:04","date_gmt":"2018-07-25T15:36:04","guid":{"rendered":"http:\/\/172.16.0.7\/site-antigo\/?p=16508"},"modified":"2024-10-08T09:16:53","modified_gmt":"2024-10-08T12:16:53","slug":"encontro-debate-politica-estadual-de-educacao-especial","status":"publish","type":"post","link":"https:\/\/www.apucarana.pr.gov.br\/site\/encontro-debate-politica-estadual-de-educacao-especial\/","title":{"rendered":"Encontro debate pol\u00edtica estadual de educa\u00e7\u00e3o especial"},"content":{"rendered":"<p>Um projeto-piloto buscar\u00e1 agilizar o encaminhamento de estudantes para salas de apoio e de recursos. O assunto foi discutido nesta quarta-feira (25\/07), no Cine Teatro F\u00eanix, durante o Encontro da Pol\u00edtica Estadual de Educa\u00e7\u00e3o Especial e de Avalia\u00e7\u00e3o Psicoeducacional. O evento reuniu especialistas e professores dos 16 munic\u00edpios de abrang\u00eancia do N\u00facleo Regional de Educa\u00e7\u00e3o (NRE).<br \/>\nO encontro \u00e9 uma promo\u00e7\u00e3o do NRE e Secretaria de Estado da Educa\u00e7\u00e3o do Paran\u00e1 (SEED), em parceria com a Uni\u00e3o dos Dirigentes Municipais de Educa\u00e7\u00e3o do Estado do Paran\u00e1 (<em>Undime-PR<\/em>). O prefeito de Apucarana, Beto Preto, participou da abertura do encontro, acompanhado pelo vice-prefeito Junior da Femac e pela secret\u00e1ria municipal de Educa\u00e7\u00e3o e presidente da seccional Paran\u00e1 da Undime, professora Marli Fernandes.<br \/>\nA primeira palestra do dia tratou do protocolo de identifica\u00e7\u00e3o de estudantes com altas habilidades e a cria\u00e7\u00e3o de salas de atendimento para superdotados. Aproveitando a oportunidade, Beto Preto anunciou que Apucarana implantar\u00e1 em 2019 a Sala C\u00e9rebro. \u201cPretend\u00edamos que o projeto j\u00e1 estivesse funcionando neste ano, mas tivemos algumas dificuldades para finalizar o projeto, que ser\u00e1 lan\u00e7ado em 2019. A sala vai fazer o atendimento das altas habilidades no ensino municipal do pr\u00e9 ao 5\u00ba ano\u201d, informa Beto Preto.<br \/>\nO prefeito de Apucarana enalteceu o fato de que a inclus\u00e3o dos superdotados esteja tamb\u00e9m na pauta do governo do Paran\u00e1. \u201c\u00c9 a primeira vez que o Estado coloca claramente a quest\u00e3o das altas habilidades. Entre os alunos novos que chegam todos os anos, temos muitos que possuem habilidades muito maiores do que pensamos\u201d, pontua Beto Preto.<br \/>\nDe acordo Maria Onide Balan Sardinha, \u00a0chefe do NRE de Apucarana, estudos apontam que de cada 30 crian\u00e7as uma apresenta o quadro de superdota\u00e7\u00e3o. \u201cO projeto-piloto busca preparar os professores para detectar esta e outras situa\u00e7\u00f5es como autismo, dist\u00farbios de aprendizado e d\u00e9ficit de aten\u00e7\u00e3o, entre outras\u201d, exemplifica Maria Onide.<br \/>\nAtualmente, o encaminhamento para salas de recursos \u00e9 feito somente ap\u00f3s a elabora\u00e7\u00e3o de um laudo, que \u00e9 emitido por um psic\u00f3logo. \u201cEsse ainda \u00e9 um processo demorado, pois temos poucos profissionais para fazer essa avalia\u00e7\u00e3o psicoeducacional. A inten\u00e7\u00e3o \u00e9 treinar um grupo de professores que esteja apto a perceber essas situa\u00e7\u00f5es e j\u00e1 fazer o encaminhamento, sem ter que esperar pelo laudo\u201d, explica a chefe do NRE.<br \/>\nA secret\u00e1ria municipal de Educa\u00e7\u00e3o e presidente da Undime-PR, Marli Fernandes, afirma que a educa\u00e7\u00e3o especial tem grande impacto nas unidades escolares. \u201cQuero agradecer a Secretaria de Estado da Educa\u00e7\u00e3o pela parceria e por ter acolhido a nossa sugest\u00e3o, oportunizando trazer esse debate sobre a educa\u00e7\u00e3o inclusiva para Apucarana e regi\u00e3o\u201d, manifestou a presidente da Undime-PR.<br \/>\nA palestra sobre identifica\u00e7\u00e3o de superdotados foi proferida pela doutora e t\u00e9cnica pedag\u00f3gica em altas habilidades, Denise Maria de Matos Pereira Lima, coordenadora estadual do Atendimento Educacional Especializado (AEE). Tamb\u00e9m estavam previstas a palestra \u201cPol\u00edtica Estadual de Educa\u00e7\u00e3o Especial\u201d, com a professora Siana do Carmo de Oliveira Franco Bueno, chefe do Departamento de Educa\u00e7\u00e3o Especial da SEED; e \u201cPol\u00edtica de Avalia\u00e7\u00e3o Psicoeducacional no Contexto Escolar\u201d, com a professora e psic\u00f3loga Nanci Furtado de Menezes, coordenadora do Centro Estadual de Avalia\u00e7\u00e3o e Orienta\u00e7\u00e3o Pedag\u00f3gica (CEAOP), e com a professora e psicopedagoga M\u00e1rcia Benedita Ara\u00fajo.<br \/>\n&nbsp;<\/p>\n","protected":false},"excerpt":{"rendered":"<p>Prefeito Beto Preto anunciou que Apucarana implantar\u00e1 em 2019 a Sala C\u00e9rebro. (Foto: Edson Denobi)<\/p>\n","protected":false},"author":4,"featured_media":16511,"comment_status":"closed","ping_status":"open","sticky":false,"template":"","format":"standard","meta":{"footnotes":""},"categories":[24],"tags":[],"class_list":["post-16508","post","type-post","status-publish","format-standard","has-post-thumbnail","hentry","category-noticias"],"acf":[],"_links":{"self":[{"href":"https:\/\/www.apucarana.pr.gov.br\/site\/wp-json\/wp\/v2\/posts\/16508","targetHints":{"allow":["GET"]}}],"collection":[{"href":"https:\/\/www.apucarana.pr.gov.br\/site\/wp-json\/wp\/v2\/posts"}],"about":[{"href":"https:\/\/www.apucarana.pr.gov.br\/site\/wp-json\/wp\/v2\/types\/post"}],"author":[{"embeddable":true,"href":"https:\/\/www.apucarana.pr.gov.br\/site\/wp-json\/wp\/v2\/users\/4"}],"replies":[{"embeddable":true,"href":"https:\/\/www.apucarana.pr.gov.br\/site\/wp-json\/wp\/v2\/comments?post=16508"}],"version-history":[{"count":1,"href":"https:\/\/www.apucarana.pr.gov.br\/site\/wp-json\/wp\/v2\/posts\/16508\/revisions"}],"predecessor-version":[{"id":101237,"href":"https:\/\/www.apucarana.pr.gov.br\/site\/wp-json\/wp\/v2\/posts\/16508\/revisions\/101237"}],"wp:featuredmedia":[{"embeddable":true,"href":"https:\/\/www.apucarana.pr.gov.br\/site\/wp-json\/"}],"wp:attachment":[{"href":"https:\/\/www.apucarana.pr.gov.br\/site\/wp-json\/wp\/v2\/media?parent=16508"}],"wp:term":[{"taxonomy":"category","embeddable":true,"href":"https:\/\/www.apucarana.pr.gov.br\/site\/wp-json\/wp\/v2\/categories?post=16508"},{"taxonomy":"post_tag","embeddable":true,"href":"https:\/\/www.apucarana.pr.gov.br\/site\/wp-json\/wp\/v2\/tags?post=16508"}],"curies":[{"name":"wp","href":"https:\/\/api.w.org\/{rel}","templated":true}]}}