{"id":16496,"date":"2018-07-24T17:17:05","date_gmt":"2018-07-24T20:17:05","guid":{"rendered":"http:\/\/172.16.0.7\/site-antigo\/?p=16496"},"modified":"2024-10-08T09:16:53","modified_gmt":"2024-10-08T12:16:53","slug":"autorizadas-obras-do-novo-canal-e-vertedouro-do-parque-da-redencao","status":"publish","type":"post","link":"https:\/\/www.apucarana.pr.gov.br\/site\/autorizadas-obras-do-novo-canal-e-vertedouro-do-parque-da-redencao\/","title":{"rendered":"Autorizadas obras do novo canal e vertedouro do Parque da Reden\u00e7\u00e3o"},"content":{"rendered":"<p>Foi dada nesta segunda-feira (24\/07), pelo prefeito Beto Preto, a ordem de servi\u00e7o para o in\u00edcio das obras do novo canal e vertedouro do Parque da Reden\u00e7\u00e3o, no contorno norte de Apucarana. A administra\u00e7\u00e3o e manuten\u00e7\u00e3o do parque religioso foi cedida em comodato pelo Munic\u00edpio \u00e0 Mitra Diocesana de Apucarana. Contudo, algumas obras estruturais foram assumidas pela prefeitura, por meio da Secretaria de Obras.<br \/>\nAo assinar a ordem de servi\u00e7o, o prefeito Beto Preto lembrou que no ano de 2005, quando foi constru\u00eddo o canal e vertedouro, a vaz\u00e3o de \u00e1gua no local foi subestimada. \u201cAgora estamos gastando R$ 400 mil para corrigir esse erro e, ao mesmo tempo, para evitar o rompimento da barragem e o risco de prejudicar propriedades vizinhas, abaixo da represa\u201d, explicou.<br \/>\nSegundo o secret\u00e1rio Municipal de Obras, engenheiro Herivelto Moreno, anteriormente havia no local um vertedouro de apenas tr\u00eas metros de largura, por um metro e meio de altura. \u201cEstamos construindo um canal de concreto de noventa metros de extens\u00e3o, e uma barragem de sete metros de comprimento, por tr\u00eas metros de altura, para que essa estrutura possa suportar o volume de \u00e1gua do Rio Pirap\u00f3 e de outras nascentes do local\u201d, informa o secret\u00e1rio, acrescentando que, \u201ca partir de agora haver\u00e1 uma estrutura adequada, garantindo mais seguran\u00e7a na regi\u00e3o\u201d.<br \/>\nO prefeito Beto Preto diz que no \u201cnovo Parque da Reden\u00e7\u00e3o\u201d a Mitra Diocesana j\u00e1 criou na encosta de um morro, um grande ros\u00e1rio; e que est\u00e1 construindo agora a Gruta de Nossa Senhora de Lourdes. \u201cCom certeza, depois de pronta todas as melhorias, o parque ficar\u00e1 bem mais atraente para a visita\u00e7\u00e3o p\u00fablica\u201d, avalia ele.<br \/>\nNo local tamb\u00e9m est\u00e1 previsto a adequa\u00e7\u00e3o de uma \u00e1rea de quatro mil metros quadrados, destinada a um novo estacionamento de ve\u00edculos. Outro servi\u00e7o que est\u00e1 sendo encaminhado \u00e9 a restaura\u00e7\u00e3o das imagens, que representam a Santa Ceia.<br \/>\nA empreiteira vencedora da licita\u00e7\u00e3o \u00e9 a Hansen &amp; Melo Ltda, de Cascavel, que tem prazo de dez dias para come\u00e7ar os trabalhos e cento e vinte dias para a conclus\u00e3o. O ato tamb\u00e9m foi acompanhado pelo presidente da C\u00e2mara Municipal, Mauro Bertoli; vereador Francislei de Godoi \u201cPoim\u201d; secret\u00e1rio de gest\u00e3o p\u00fablica Nicolai Cernescu Junior; Procurador jur\u00eddico, Paulo S\u00e9rgio Vital;e pelo Superintendente de Licita\u00e7\u00e3o, M\u00e1rcio C\u00e9zar Pereira Lima.<\/p>\n","protected":false},"excerpt":{"rendered":"<p>Ao assinar a ordem de servi\u00e7o, o prefeito Beto Preto lembrou que no ano de 2005, quando foi constru\u00eddo o canal e vertedouro, a vaz\u00e3o de \u00e1gua no local foi subestimada (Foto: Edson Denobi)<\/p>\n","protected":false},"author":4,"featured_media":16503,"comment_status":"closed","ping_status":"open","sticky":false,"template":"","format":"standard","meta":{"footnotes":""},"categories":[24],"tags":[],"class_list":["post-16496","post","type-post","status-publish","format-standard","has-post-thumbnail","hentry","category-noticias"],"acf":[],"_links":{"self":[{"href":"https:\/\/www.apucarana.pr.gov.br\/site\/wp-json\/wp\/v2\/posts\/16496","targetHints":{"allow":["GET"]}}],"collection":[{"href":"https:\/\/www.apucarana.pr.gov.br\/site\/wp-json\/wp\/v2\/posts"}],"about":[{"href":"https:\/\/www.apucarana.pr.gov.br\/site\/wp-json\/wp\/v2\/types\/post"}],"author":[{"embeddable":true,"href":"https:\/\/www.apucarana.pr.gov.br\/site\/wp-json\/wp\/v2\/users\/4"}],"replies":[{"embeddable":true,"href":"https:\/\/www.apucarana.pr.gov.br\/site\/wp-json\/wp\/v2\/comments?post=16496"}],"version-history":[{"count":1,"href":"https:\/\/www.apucarana.pr.gov.br\/site\/wp-json\/wp\/v2\/posts\/16496\/revisions"}],"predecessor-version":[{"id":101238,"href":"https:\/\/www.apucarana.pr.gov.br\/site\/wp-json\/wp\/v2\/posts\/16496\/revisions\/101238"}],"wp:featuredmedia":[{"embeddable":true,"href":"https:\/\/www.apucarana.pr.gov.br\/site\/wp-json\/"}],"wp:attachment":[{"href":"https:\/\/www.apucarana.pr.gov.br\/site\/wp-json\/wp\/v2\/media?parent=16496"}],"wp:term":[{"taxonomy":"category","embeddable":true,"href":"https:\/\/www.apucarana.pr.gov.br\/site\/wp-json\/wp\/v2\/categories?post=16496"},{"taxonomy":"post_tag","embeddable":true,"href":"https:\/\/www.apucarana.pr.gov.br\/site\/wp-json\/wp\/v2\/tags?post=16496"}],"curies":[{"name":"wp","href":"https:\/\/api.w.org\/{rel}","templated":true}]}}