{"id":16491,"date":"2018-07-24T16:42:28","date_gmt":"2018-07-24T19:42:28","guid":{"rendered":"http:\/\/172.16.0.7\/site-antigo\/?p=16491"},"modified":"2024-10-08T09:16:53","modified_gmt":"2024-10-08T12:16:53","slug":"abastecida-pela-16a-rs-apucarana-registra-falta-de-vacinas","status":"publish","type":"post","link":"https:\/\/www.apucarana.pr.gov.br\/site\/abastecida-pela-16a-rs-apucarana-registra-falta-de-vacinas\/","title":{"rendered":"Abastecida pela 16\u00aa RS, Apucarana registra falta de vacinas"},"content":{"rendered":"<p>Com seu abastecimento condicionado a distribui\u00e7\u00e3o feita pela 16\u00aa Regional de Sa\u00fade, a Autarquia Municipal de Sa\u00fade (AMS) de Apucarana j\u00e1 registra a falta de tr\u00eas vacinas e est\u00e1 trabalhando com o estoque baixo com outras duas. A informa\u00e7\u00e3o visa esclarecer \u00e0 popula\u00e7\u00e3o o fato das Unidades B\u00e1sicas de Sa\u00fade (UBSs) do munic\u00edpio n\u00e3o poderem atender aqueles que est\u00e3o em busca da imuniza\u00e7\u00e3o contra determinadas doen\u00e7as.<br \/>\nO desabastecimento de algumas vacinas j\u00e1 vem sendo comunicado pelo Minist\u00e9rio da Sa\u00fade, atrav\u00e9s de notas t\u00e9cnicas, desde o in\u00edcio do ano. O ciclo de distribui\u00e7\u00e3o das vacinas come\u00e7a pelo Minist\u00e9rio da Sa\u00fade repassando os lotes para as Secretarias de Estado da Sa\u00fade que, por sua vez, encaminha para as Regionais de Sa\u00fade.<br \/>\n\u201cS\u00f3 podemos fazer o abastecimento de vacinas nas UBSs quando recebemos as doses da 16\u00aa Regional de Sa\u00fade. N\u00e3o h\u00e1 como ter acesso a vacina de outra forma\u201d, detalha o coordenador do setor de epidemiologia, Luciano Pereira da Silva.<br \/>\nO diretor presidente da Autarquia Municipal de Sa\u00fade, Roberto Kaneta, explica que no momento est\u00e3o em falta em Apucarana as vacinas contra varicela (catapora), contra poliomielite (gotas), e a tetra viral que imuniza contra caxumba, sarampo, varicela e rub\u00e9ola. \u201cAinda estamos com estoque baixo, praticamente no limite, das vacinas antirr\u00e1bica humana, bem como os soros antirr\u00e1bico humano e antiveneno. No primeiro caso, a pessoa recebe a vacina quando \u00e9 mordida por c\u00e3es e gatos, e no segundo quando \u00e9 picada por cobra\u201d, complementa o coordenador do setor de epidemiologia, Luciano Pereira.<br \/>\nUma das imuniza\u00e7\u00f5es que deve ser recebida pela crian\u00e7a j\u00e1 nos primeiros dias de vida, a vacina BCG, contra tuberculose, \u00e9 outra, segundo Luciano Pereira, que est\u00e1 com estoque no limite. \u201cDiante desta situa\u00e7\u00e3o, o munic\u00edpio adotou a medida de centralizar a oferta dessa vacina em uma \u00fanica UBS, a Romeu Milane, na Rua Osvaldo Cruz, centro da cidade, e com dias espec\u00edficos, na quarta-feira e sexta-feira\u201d, informa Luciano Pereira.<br \/>\nEssa estrat\u00e9gia, conforme explica Luciano, \u00e9 para evitar o desperd\u00edcio, j\u00e1 que cada frasco com 10 doses, tem validade de 6 horas depois de aberto.<br \/>\nO prefeito Beto Preto pede a compreens\u00e3o da popula\u00e7\u00e3o para o problema da falta de algumas vacinas. \u201c\u00c9 uma situa\u00e7\u00e3o delicada, mas que n\u00e3o est\u00e1 ao nosso alcance solucionar j\u00e1 que dependemos de esferas superiores para a vacina chegue as nossas unidades de sa\u00fade. De qualquer forma, entrei em contato direto com a Secretaria de Estado da Sa\u00fade para que nos abaste\u00e7a o mais r\u00e1pido poss\u00edvel com as doses de todas as vacinas previstas no Calend\u00e1rio Nacional de Vacina\u00e7\u00e3o\u201d, destaca Beto Preto.<br \/>\n&nbsp;<br \/>\n&nbsp;<\/p>\n","protected":false},"excerpt":{"rendered":"<p>Prefeito Beto Preto pede a compreens\u00e3o da popula\u00e7\u00e3o para um problema que est\u00e1 fora do alcance do munic\u00edpio solucionar (Profeta)<\/p>\n","protected":false},"author":4,"featured_media":16492,"comment_status":"closed","ping_status":"open","sticky":false,"template":"","format":"standard","meta":{"footnotes":""},"categories":[24],"tags":[],"class_list":["post-16491","post","type-post","status-publish","format-standard","has-post-thumbnail","hentry","category-noticias"],"acf":[],"_links":{"self":[{"href":"https:\/\/www.apucarana.pr.gov.br\/site\/wp-json\/wp\/v2\/posts\/16491","targetHints":{"allow":["GET"]}}],"collection":[{"href":"https:\/\/www.apucarana.pr.gov.br\/site\/wp-json\/wp\/v2\/posts"}],"about":[{"href":"https:\/\/www.apucarana.pr.gov.br\/site\/wp-json\/wp\/v2\/types\/post"}],"author":[{"embeddable":true,"href":"https:\/\/www.apucarana.pr.gov.br\/site\/wp-json\/wp\/v2\/users\/4"}],"replies":[{"embeddable":true,"href":"https:\/\/www.apucarana.pr.gov.br\/site\/wp-json\/wp\/v2\/comments?post=16491"}],"version-history":[{"count":1,"href":"https:\/\/www.apucarana.pr.gov.br\/site\/wp-json\/wp\/v2\/posts\/16491\/revisions"}],"predecessor-version":[{"id":101239,"href":"https:\/\/www.apucarana.pr.gov.br\/site\/wp-json\/wp\/v2\/posts\/16491\/revisions\/101239"}],"wp:featuredmedia":[{"embeddable":true,"href":"https:\/\/www.apucarana.pr.gov.br\/site\/wp-json\/"}],"wp:attachment":[{"href":"https:\/\/www.apucarana.pr.gov.br\/site\/wp-json\/wp\/v2\/media?parent=16491"}],"wp:term":[{"taxonomy":"category","embeddable":true,"href":"https:\/\/www.apucarana.pr.gov.br\/site\/wp-json\/wp\/v2\/categories?post=16491"},{"taxonomy":"post_tag","embeddable":true,"href":"https:\/\/www.apucarana.pr.gov.br\/site\/wp-json\/wp\/v2\/tags?post=16491"}],"curies":[{"name":"wp","href":"https:\/\/api.w.org\/{rel}","templated":true}]}}