{"id":16486,"date":"2018-07-24T15:59:27","date_gmt":"2018-07-24T18:59:27","guid":{"rendered":"http:\/\/172.16.0.7\/site-antigo\/?p=16486"},"modified":"2024-10-08T09:16:53","modified_gmt":"2024-10-08T12:16:53","slug":"associacao-do-pirapo-realiza-tradicional-festa-dos-motoristas","status":"publish","type":"post","link":"https:\/\/www.apucarana.pr.gov.br\/site\/associacao-do-pirapo-realiza-tradicional-festa-dos-motoristas\/","title":{"rendered":"Associa\u00e7\u00e3o do Pirap\u00f3 realiza tradicional festa dos motoristas"},"content":{"rendered":"<p>A Associa\u00e7\u00e3o dos Motoristas de Pirap\u00f3 (AMPI) realiza neste domingo (29\/07), a partir do meio-dia, a 37\u00aa Festa dos Motoristas. A confraterniza\u00e7\u00e3o, que acontece na sede da entidade &#8211; Rodovia Pirap\u00f3\/Caixa de S\u00e3o Pedro &#8211; , contar\u00e1 com almo\u00e7o e deve atrair cerca de mil pessoas, segundo a organiza\u00e7\u00e3o do evento.<br \/>\nOs detalhes da festividade e o convite para participa\u00e7\u00e3o foram repassados nesta ter\u00e7a-feira (24\/07) ao prefeito Beto Preto (PSD) pelo presidente da associa\u00e7\u00e3o, Marcos Roberto Carvalho de Melo e pelo vice-presidente, vereador Francislei \u201cPoim\u201d Godoi (PSB). \u201c\u00c9 uma comemora\u00e7\u00e3o para a comunidade, momento de celebrarmos o trabalho dos motoristas. Reunir as fam\u00edlias, agradecer e prestar louvor ao nosso padroeiro, que \u00e9 S\u00e3o Crist\u00f3v\u00e3o\u201d, assinalou Melo. Ele frisa que o Dia de S\u00e3o Crist\u00f3v\u00e3o (25 de julho) coincide com o Dia do Motorista, justamente porque S\u00e3o Crist\u00f3v\u00e3o \u00e9 considerado o padroeiro dos caminhoneiros, taxistas, motoristas e viajantes em geral.<br \/>\nA import\u00e2ncia da data e do trabalho feito pela associa\u00e7\u00e3o de Pirap\u00f3 foram enaltecidos pelo prefeito Beto Preto. \u201cTrata-se de uma entidade de grande tradi\u00e7\u00e3o, aberta para a comunidade, que agrega profissionais da estrada, pais e m\u00e3es de fam\u00edlia que transportam riquezas pelo Brasil. Certamente ser\u00e1 mais uma aben\u00e7oada celebra\u00e7\u00e3o\u201d, disse o prefeito.<br \/>\nDo encontro com Beto Preto, tamb\u00e9m participou Carlos Ceccon, que ser\u00e1 o respons\u00e1vel pelo churrasco. \u201cEstamos preparados para assar pelo menos 550 quilos de carne\u201d, comunicou. Convites est\u00e3o sendo vendidos antecipadamente pelos associados. \u201cMas tamb\u00e9m haver\u00e1 uma pequena reserva para quem por ventura procurar pouco antes do in\u00edcio da festa\u201d, disse Marcos de Melo, presidente da entidade.<br \/>\nA associa\u00e7\u00e3o &#8211; Fundada em 05 de junho de 1987, a sede da Associa\u00e7\u00e3o dos Motoristas de Pirap\u00f3 tem 17 mil m\u00b2 e est\u00e1 localizada na Rodovia Erwin Schindler, na sa\u00edda para o Distrito de Caixa de S\u00e3o Pedro. Atualmente s\u00e3o 45 associados que, no dia a dia, podem usufruir de uma estrutura de lazer que conta com um sal\u00e3o de festas com 700 metros quadrados e onde tamb\u00e9m h\u00e1 sauna, campo de futebol su\u00ed\u00e7o.<\/p>\n","protected":false},"excerpt":{"rendered":"<p>Evento marca Dia de S\u00e3o Crist\u00f3v\u00e3o (25 de julho), que \u00e9 considerado padroeiro dos caminhoneiros, taxistas, motoristas e viajantes em geral (Foto: Profeta)<\/p>\n","protected":false},"author":4,"featured_media":16488,"comment_status":"closed","ping_status":"open","sticky":false,"template":"","format":"standard","meta":{"footnotes":""},"categories":[24],"tags":[],"class_list":["post-16486","post","type-post","status-publish","format-standard","has-post-thumbnail","hentry","category-noticias"],"acf":[],"_links":{"self":[{"href":"https:\/\/www.apucarana.pr.gov.br\/site\/wp-json\/wp\/v2\/posts\/16486","targetHints":{"allow":["GET"]}}],"collection":[{"href":"https:\/\/www.apucarana.pr.gov.br\/site\/wp-json\/wp\/v2\/posts"}],"about":[{"href":"https:\/\/www.apucarana.pr.gov.br\/site\/wp-json\/wp\/v2\/types\/post"}],"author":[{"embeddable":true,"href":"https:\/\/www.apucarana.pr.gov.br\/site\/wp-json\/wp\/v2\/users\/4"}],"replies":[{"embeddable":true,"href":"https:\/\/www.apucarana.pr.gov.br\/site\/wp-json\/wp\/v2\/comments?post=16486"}],"version-history":[{"count":1,"href":"https:\/\/www.apucarana.pr.gov.br\/site\/wp-json\/wp\/v2\/posts\/16486\/revisions"}],"predecessor-version":[{"id":101241,"href":"https:\/\/www.apucarana.pr.gov.br\/site\/wp-json\/wp\/v2\/posts\/16486\/revisions\/101241"}],"wp:featuredmedia":[{"embeddable":true,"href":"https:\/\/www.apucarana.pr.gov.br\/site\/wp-json\/"}],"wp:attachment":[{"href":"https:\/\/www.apucarana.pr.gov.br\/site\/wp-json\/wp\/v2\/media?parent=16486"}],"wp:term":[{"taxonomy":"category","embeddable":true,"href":"https:\/\/www.apucarana.pr.gov.br\/site\/wp-json\/wp\/v2\/categories?post=16486"},{"taxonomy":"post_tag","embeddable":true,"href":"https:\/\/www.apucarana.pr.gov.br\/site\/wp-json\/wp\/v2\/tags?post=16486"}],"curies":[{"name":"wp","href":"https:\/\/api.w.org\/{rel}","templated":true}]}}