{"id":16475,"date":"2018-07-24T12:24:43","date_gmt":"2018-07-24T15:24:43","guid":{"rendered":"http:\/\/172.16.0.7\/site-antigo\/?p=16475"},"modified":"2024-10-08T09:16:53","modified_gmt":"2024-10-08T12:16:53","slug":"obras-do-cie-entram-na-fase-de-acabamento","status":"publish","type":"post","link":"https:\/\/www.apucarana.pr.gov.br\/site\/obras-do-cie-entram-na-fase-de-acabamento\/","title":{"rendered":"Obras do CIE entram na fase de acabamento"},"content":{"rendered":"<p>Ap\u00f3s terem sido executados 65% do cronograma, as obras do Centro de Inicia\u00e7\u00e3o Esportiva (CIE) entram agora na fase de acabamento. Est\u00e3o sendo executados servi\u00e7os de instala\u00e7\u00e3o hidr\u00e1ulica, el\u00e9trica e sanit\u00e1rios, pintura, constru\u00e7\u00e3o de pista de atletismo e cercamento. \u00a0Localizado no Parque Japira, no Jardim Am\u00e9rica, o espa\u00e7o ter\u00e1 3.750 metros quadrados de \u00e1rea constru\u00edda. O investimento \u00e9 de R$ 4,1 milh\u00f5es e a previs\u00e3o de entrega \u00e9 para o m\u00eas de dezembro.<br \/>\nO prefeito de Apucarana, Beto Preto, destaca que a obra faz parte do legado ol\u00edmpico, atende prioritariamente \u00e1reas de vulnerabilidade social e que os recursos foram conquistados a fundo perdido junto ao Minist\u00e9rio do Esporte. \u201cApucarana foi contemplada com o Modelo III de CIE, o maior oferecido pelo Governo Federal dentro do programa, possibilitando o desenvolvimento de at\u00e9 13 modalidades ol\u00edmpicas, sete paraol\u00edmpicas e uma n\u00e3o-ol\u00edmpica\u201d, reitera Beto Preto.<br \/>\nAl\u00e9m do tamanho da estrutura, Beto Preto destaca a qualidade dos espa\u00e7os. \u201cA pista de atletismo, que ter\u00e1 a dimens\u00e3o de 120 x 10 metros e come\u00e7ou a ser implantada nesta semana, ser\u00e1 uma das poucas na regi\u00e3o com essas caracter\u00edsticas. Ela ter\u00e1 uma base de pedra britada, depois uma camada de CBUQ e sobre o asfalto ser\u00e1 colocada uma manta de borracha reciclada coberta por uma camada de poliuretano\u201d, detalha Beto Preto, acrescentando que junto tamb\u00e9m haver\u00e1 espa\u00e7os para a pr\u00e1tica de salto em dist\u00e2ncia e arremesso de peso.<br \/>\nO secret\u00e1rio municipal de Obras, engenheiro Herivelto Moreno, tamb\u00e9m destaca outras caracter\u00edsticas do centro, como as arquibancadas m\u00f3veis no gin\u00e1sio poliesportivo. \u201cCom isso, o espa\u00e7o de atividades da quadra do gin\u00e1sio de esportes poder\u00e1 ser ampliado, dependendo da necessidade. No caso do basquetebol, como as tabelas tamb\u00e9m s\u00e3o m\u00f3veis, poder\u00e3o ser criados dois espa\u00e7os para o desenvolvimento simult\u00e2neo dessa pr\u00e1tica\u201d, explica Herivelto.<br \/>\nTodos esses detalhes, conforme o secret\u00e1rio, foram repassados durante workshop \u00a0t\u00e9cnico sobre a utiliza\u00e7\u00e3o dos centros, promovido recentemente em Bras\u00edlia pelo Minist\u00e9rio do Esporte. Herivelto lembra que o projeto prev\u00ea ainda \u00e1rea de apoio para administra\u00e7\u00e3o, sala de professores e t\u00e9cnicos, vesti\u00e1rios, enfermaria, copa, dep\u00f3sito, academia e sanit\u00e1rio, al\u00e9m de um tatame para artes marciais que ser\u00e1 implantado sobre o mezanino.<br \/>\nAntes de liberar a utiliza\u00e7\u00e3o do centro, o Minist\u00e9rio do Esporte dever\u00e1 aprovar o plano de gest\u00e3o.\u00a0 \u201cJ\u00e1 encaminhamos o documento, informando as condi\u00e7\u00f5es de uso, manuten\u00e7\u00e3o e opera\u00e7\u00e3o do espa\u00e7o, p\u00fablico-alvo e atividades que pretendemos desenvolver\u201d, afirma a secret\u00e1ria municipal de Esportes e Lazer, Jossuela Pinheiro, lembrando que o plano est\u00e1 sendo analisado pela comiss\u00e3o de avalia\u00e7\u00e3o do Minist\u00e9rio do Esporte.<br \/>\nDe acordo com o plano de gest\u00e3o enviado pela secretaria, inicialmente ser\u00e3o desenvolvidas no centro atividades de atletismo, badminton, basquetebol, futsal, handebol, jud\u00f4, taekwondo, t\u00eanis de mesa e voleibol. \u201cA modalidade paraol\u00edmpica escolhida \u00e9 o v\u00f4lei sentado. Al\u00e9m do incentivo ao esporte de forma\u00e7\u00e3o e competi\u00e7\u00e3o, realizaremos tamb\u00e9m atividades direcionadas \u00e0 terceira idade\u201d, completa Jossuela, lembrando que ap\u00f3s a inaugura\u00e7\u00e3o novas modalidades poder\u00e3o ser agregadas.<\/p>\n","protected":false},"excerpt":{"rendered":"<p>Empreiteira contratada pelo Munic\u00edpio iniciou nesta semana a implanta\u00e7\u00e3o da pista de atletismo. (Fotos: Josias Profeta)<\/p>\n","protected":false},"author":4,"featured_media":16476,"comment_status":"closed","ping_status":"open","sticky":false,"template":"","format":"standard","meta":{"footnotes":""},"categories":[24],"tags":[],"class_list":["post-16475","post","type-post","status-publish","format-standard","has-post-thumbnail","hentry","category-noticias"],"acf":[],"_links":{"self":[{"href":"https:\/\/www.apucarana.pr.gov.br\/site\/wp-json\/wp\/v2\/posts\/16475","targetHints":{"allow":["GET"]}}],"collection":[{"href":"https:\/\/www.apucarana.pr.gov.br\/site\/wp-json\/wp\/v2\/posts"}],"about":[{"href":"https:\/\/www.apucarana.pr.gov.br\/site\/wp-json\/wp\/v2\/types\/post"}],"author":[{"embeddable":true,"href":"https:\/\/www.apucarana.pr.gov.br\/site\/wp-json\/wp\/v2\/users\/4"}],"replies":[{"embeddable":true,"href":"https:\/\/www.apucarana.pr.gov.br\/site\/wp-json\/wp\/v2\/comments?post=16475"}],"version-history":[{"count":1,"href":"https:\/\/www.apucarana.pr.gov.br\/site\/wp-json\/wp\/v2\/posts\/16475\/revisions"}],"predecessor-version":[{"id":101242,"href":"https:\/\/www.apucarana.pr.gov.br\/site\/wp-json\/wp\/v2\/posts\/16475\/revisions\/101242"}],"wp:featuredmedia":[{"embeddable":true,"href":"https:\/\/www.apucarana.pr.gov.br\/site\/wp-json\/"}],"wp:attachment":[{"href":"https:\/\/www.apucarana.pr.gov.br\/site\/wp-json\/wp\/v2\/media?parent=16475"}],"wp:term":[{"taxonomy":"category","embeddable":true,"href":"https:\/\/www.apucarana.pr.gov.br\/site\/wp-json\/wp\/v2\/categories?post=16475"},{"taxonomy":"post_tag","embeddable":true,"href":"https:\/\/www.apucarana.pr.gov.br\/site\/wp-json\/wp\/v2\/tags?post=16475"}],"curies":[{"name":"wp","href":"https:\/\/api.w.org\/{rel}","templated":true}]}}