{"id":16453,"date":"2018-07-23T17:08:08","date_gmt":"2018-07-23T20:08:08","guid":{"rendered":"http:\/\/172.16.0.7\/site-antigo\/?p=16453"},"modified":"2024-10-08T09:16:53","modified_gmt":"2024-10-08T12:16:53","slug":"orquestra-sinfonica-do-parana-atrai-grande-publico-em-apucarana","status":"publish","type":"post","link":"https:\/\/www.apucarana.pr.gov.br\/site\/orquestra-sinfonica-do-parana-atrai-grande-publico-em-apucarana\/","title":{"rendered":"Orquestra Sinf\u00f4nica do Paran\u00e1 atrai grande p\u00fablico em Apucarana"},"content":{"rendered":"<p>A Orquestra Sinf\u00f4nica do Paran\u00e1, que h\u00e1 33 anos encanta o p\u00fablico e a cr\u00edtica com seus mais diferentes estilos desde os cl\u00e1ssicos at\u00e9 os rom\u00e2nticos e contempor\u00e2neos, reuniu centenas de pessoas no concerto de gala realizado na Catedral Nossa Senhora de Lourdes, em Apucarana, na \u00faltima sexta-feira (20). O prefeito Beto Preto e sua esposa Adriana Gon\u00e7alves, prestigiaram o evento.<br \/>\nO repert\u00f3rio da noite incluiu &#8220;Ruslan e Ludmila&#8221; \u2013 abertura, do compositor Mikhail Glinka; &#8220;Sinfonia n\u00ba 8&#8221;, do compositor Ludwig Van Beethoven; &#8220;Batuque&#8221;, do compositor Alberto Nepomuceno; &#8220;Abertura do Festival Acad\u00eamico&#8221;, de Brahms; e &#8220;Dan\u00e7a Eslava Op. 46 n\u00ba 8&#8221;, do compositor Anton\u00edn Dv\u00f3rak. O concerto foi regido pelo maestro Marcos Arakaki.<br \/>\nDesde 28 de maio de 1985, a Orquestra Sinf\u00f4nica do Paran\u00e1 vem construindo uma trajet\u00f3ria que j\u00e1 conta com mais de 40 maestros convidados e cerca de 200 solistas, que vieram de diversos lugares do Brasil e do mundo para enriquecer o repert\u00f3rio do grupo musical, que hoje conta com cerca de 900 obras catalogadas, de mais de 250 compositores, destacando os autores brasileiros Villa-Lobos e Camargo Guarnieri, e os paranaenses Henrique Morozowicz e Augusto Stresser. No curr\u00edculo da OSP, j\u00e1 constam mais de 500 apresenta\u00e7\u00f5es dentro e fora do Paran\u00e1, com montagens de importantes \u00f3peras, bal\u00e9s, primeiras audi\u00e7\u00f5es mundiais, sul-americanas e brasileiras.<br \/>\nAtualmente o grupo \u00e9 regido pelo maestro paulista Marcos Arakaki, considerado um dos mais expoentes regentes brasileiros de sua gera\u00e7\u00e3o. Bacharel em m\u00fasica pela Universidade Estadual Paulista (Unesp) \u00a0e com mestrado em reg\u00eancia orquestral pela University of Massachusetts, j\u00e1 trabalhou com as principais orquestras sinf\u00f4nicas brasileiras, regeu a Orquestra Filarm\u00f4nica de Buenos Aires; de Karkhiv, na Ucr\u00e2nia; a Boshlav Martinu, na Rep\u00fablica Tcheca; a Orquestra Sinf\u00f4nica de Xalapa e da Universidade Aut\u00f4noma no M\u00e9xico.<\/p>\n","protected":false},"excerpt":{"rendered":"<p>A apresenta\u00e7\u00e3o realizada na Catedral Nossa Senhora de Lourdes atraiu cerca de 1.500 pessoas (Fotos: Edson Denobi) <\/p>\n","protected":false},"author":4,"featured_media":16454,"comment_status":"closed","ping_status":"open","sticky":false,"template":"","format":"standard","meta":{"footnotes":""},"categories":[24],"tags":[],"class_list":["post-16453","post","type-post","status-publish","format-standard","has-post-thumbnail","hentry","category-noticias"],"acf":[],"_links":{"self":[{"href":"https:\/\/www.apucarana.pr.gov.br\/site\/wp-json\/wp\/v2\/posts\/16453","targetHints":{"allow":["GET"]}}],"collection":[{"href":"https:\/\/www.apucarana.pr.gov.br\/site\/wp-json\/wp\/v2\/posts"}],"about":[{"href":"https:\/\/www.apucarana.pr.gov.br\/site\/wp-json\/wp\/v2\/types\/post"}],"author":[{"embeddable":true,"href":"https:\/\/www.apucarana.pr.gov.br\/site\/wp-json\/wp\/v2\/users\/4"}],"replies":[{"embeddable":true,"href":"https:\/\/www.apucarana.pr.gov.br\/site\/wp-json\/wp\/v2\/comments?post=16453"}],"version-history":[{"count":1,"href":"https:\/\/www.apucarana.pr.gov.br\/site\/wp-json\/wp\/v2\/posts\/16453\/revisions"}],"predecessor-version":[{"id":101244,"href":"https:\/\/www.apucarana.pr.gov.br\/site\/wp-json\/wp\/v2\/posts\/16453\/revisions\/101244"}],"wp:featuredmedia":[{"embeddable":true,"href":"https:\/\/www.apucarana.pr.gov.br\/site\/wp-json\/"}],"wp:attachment":[{"href":"https:\/\/www.apucarana.pr.gov.br\/site\/wp-json\/wp\/v2\/media?parent=16453"}],"wp:term":[{"taxonomy":"category","embeddable":true,"href":"https:\/\/www.apucarana.pr.gov.br\/site\/wp-json\/wp\/v2\/categories?post=16453"},{"taxonomy":"post_tag","embeddable":true,"href":"https:\/\/www.apucarana.pr.gov.br\/site\/wp-json\/wp\/v2\/tags?post=16453"}],"curies":[{"name":"wp","href":"https:\/\/api.w.org\/{rel}","templated":true}]}}