{"id":16450,"date":"2018-07-23T17:51:19","date_gmt":"2018-07-23T20:51:19","guid":{"rendered":"http:\/\/172.16.0.7\/site-antigo\/?p=16450"},"modified":"2024-10-08T09:16:53","modified_gmt":"2024-10-08T12:16:53","slug":"residencia-multiprofissional-de-apucarana-conquista-premios","status":"publish","type":"post","link":"https:\/\/www.apucarana.pr.gov.br\/site\/residencia-multiprofissional-de-apucarana-conquista-premios\/","title":{"rendered":"Resid\u00eancia Multiprofissional de Apucarana conquista pr\u00eamios"},"content":{"rendered":"<p>Dois trabalhos do Programa de Resid\u00eancia Multiprofissional da Autarquia Municipal de Sa\u00fade (AMS) de Apucarana est\u00e3o entre os vencedores do 3\u00ba Pr\u00eamio Inova Sa\u00fade Paran\u00e1. A premia\u00e7\u00e3o, de n\u00edvel estadual, aconteceu sexta-feira \u00e0 noite, durante a cerim\u00f4nia de encerramento do 4\u00ba Congresso Paranaense de Sa\u00fade P\u00fablica\/Coletiva, em Curitiba.<br \/>\nNo total foram entregues 33 pr\u00eamios, tr\u00eas em cada um de 10 eixos tem\u00e1ticos e outros tr\u00eas para experi\u00eancias exitosas.\u00a0A comiss\u00e3o cient\u00edfica do\u00a04\u00ba Congresso Paranaense de Sa\u00fade P\u00fablica\/Coletiva\u00a0aprovou 859 trabalhos para serem apresentados na 4\u00aa\u00a0Mostra Paranaense de Pesquisas em Sa\u00fade, dos quais 122 foram selecionados para concorrer ao 3\u00ba Pr\u00eamio Inova Sa\u00fade Paran\u00e1.<br \/>\n\u201cTivemos dois trabalhos premiados entre os 122 indicados e isso mostra o quanto o nosso Programa de Resid\u00eancia Multiprofissional representa. Trata-se de uma grande conquista para sa\u00fade da nossa cidade. Os profissionais, tanto tutores como os residentes, est\u00e3o atuando na comunidade dando sua parcela de contribui\u00e7\u00e3o para elevarmos cada vez mais a qualidade dos servi\u00e7os de sa\u00fade p\u00fablica oferecidos aos apucaranenses\u201d, avalia o prefeito Beto Preto.<br \/>\nOs trabalhos apresentados na 3\u00aa edi\u00e7\u00e3o do Pr\u00eamio Inova Sa\u00fade Paran\u00e1 foram divididos em 10 eixos tem\u00e1ticos, abrangendo as \u00e1reas de epidemiologia e vigil\u00e2ncia em sa\u00fade; aten\u00e7\u00e3o prim\u00e1ria; gest\u00e3o do trabalho; educa\u00e7\u00e3o na sa\u00fade, pol\u00edtica e gest\u00e3o em sa\u00fade; alimenta\u00e7\u00e3o e nutri\u00e7\u00e3o; bio\u00e9tica; ci\u00eancia e tecnologia, entre outros.<br \/>\nOs trabalhos de Apucarana conquistaram o primeiro e segundo lugares dentro do eixo \u201cModelos, redes de aten\u00e7\u00e3o e gest\u00e3o do cuidado em sa\u00fade\u201d. O premiado em primeiro lugar foi \u201cIntersetorialidade como estrat\u00e9gia de promo\u00e7\u00e3o de sa\u00fade: Projeto Rua da A\u00e7\u00e3o\u201d, que teve como autora a tutora<br \/>\nCamila Siguinolfi de Moura.<br \/>\nO segundo lugar dentro do mesmo eixo ficou com o trabalho \u201cSistema rizom\u00e1tico de gest\u00e3o: qualifica\u00e7\u00e3o profissional para a integralidade da sa\u00fade do idoso em Apucarana\u201d, a cargo das tutoras do Programa de Resid\u00eancia Multiprofissional em Aten\u00e7\u00e3o B\u00e1sica\/Sa\u00fade da Fam\u00edlia Camila Siguinolfi de Moura, Daiene Mazza e Ang\u00e9lica Domingues.<br \/>\nA tutora da Resid\u00eancia Multiprofissional, a psic\u00f3loga Camila Siguinolfi, divide a conquista com um grande n\u00famero de servidores da sa\u00fade de Apucarana. \u201cFoi um trabalho em conjunto que s\u00f3 teve o sucesso gra\u00e7as ao empenho de cada um\u201d, destaca Camila.\u00a0O 3\u00ba Pr\u00eamio Inova Sa\u00fade \u00e9 promovido pelo Instituto de Estudos em Sa\u00fade Coletiva (Inesco) em parceria com a Secretaria de Estado da Sa\u00fade.<br \/>\n<strong>TRABALHOS PREMIADOS<\/strong><br \/>\nO primeiro lugar no Pr\u00eamio Inova Sa\u00fade Paran\u00e1, com o trabalho\u00a0&#8220;Intersetorialidade\u00a0\u00a0como estrat\u00e9gia de promo\u00e7\u00e3o da sa\u00fade: projeto rua da a\u00e7\u00e3o&#8221;, trata do relato de experi\u00eancia que enfatizou a pot\u00eancia do grupo de trabalho formado por uma equipe multiprofissional, composto\u00a0 pela ESF de duas UBS; NASF; CAPSi; CRAS; CMEI, agentes pol\u00edticos, escola, igreja e comunidade, para pensar o cuidado em sa\u00fade em rede.<br \/>\nEssa estrat\u00e9gia desencadeou a\u00e7\u00f5es educativas, l\u00fadicas e saud\u00e1veis, valorizando a cultura local, utilizando recursos recicl\u00e1veis, renov\u00e1veis e sustent\u00e1veis, atrav\u00e9s de uma rua de recreio realizada, na<br \/>\nRua XV de Novembro, no bairro da Vila Regina.<br \/>\nO segundo lugar: &#8220;Sistema rizom\u00e1tico de gest\u00e3o: qualifica\u00e7\u00e3o profissional para a integralidade da sa\u00fade do idoso em Apucarana\u201d foi um trabalho realizado no Centro de Conviv\u00eancia de Apucarana, exaltando a Educa\u00e7\u00e3o Interprofissional em Sa\u00fade como estrat\u00e9gia de cuidado integral da pessoa idosa. O projeto foi uma iniciativa das tutoras do Programa de Resid\u00eancia Muntiprofissional em Sa\u00fade da Fam\u00edlia\/Aten\u00e7\u00e3o B\u00e1sica, Ang\u00e9lica Ferreira Domingues, Daiene Mazza e CamilaSiguinolfi de Moura que tamb\u00e9m atua como Coordenadora Municipal da Sa\u00fade do<br \/>\nIdoso.<br \/>\n&nbsp;<\/p>\n","protected":false},"excerpt":{"rendered":"<p>Dois trabalhos est\u00e3o entre os vencedores do \u201c3\u00ba Pr\u00eamio Inova Sa\u00fade Paran\u00e1\u201d<\/p>\n","protected":false},"author":4,"featured_media":16451,"comment_status":"closed","ping_status":"open","sticky":false,"template":"","format":"standard","meta":{"footnotes":""},"categories":[24],"tags":[],"class_list":["post-16450","post","type-post","status-publish","format-standard","has-post-thumbnail","hentry","category-noticias"],"acf":[],"_links":{"self":[{"href":"https:\/\/www.apucarana.pr.gov.br\/site\/wp-json\/wp\/v2\/posts\/16450","targetHints":{"allow":["GET"]}}],"collection":[{"href":"https:\/\/www.apucarana.pr.gov.br\/site\/wp-json\/wp\/v2\/posts"}],"about":[{"href":"https:\/\/www.apucarana.pr.gov.br\/site\/wp-json\/wp\/v2\/types\/post"}],"author":[{"embeddable":true,"href":"https:\/\/www.apucarana.pr.gov.br\/site\/wp-json\/wp\/v2\/users\/4"}],"replies":[{"embeddable":true,"href":"https:\/\/www.apucarana.pr.gov.br\/site\/wp-json\/wp\/v2\/comments?post=16450"}],"version-history":[{"count":1,"href":"https:\/\/www.apucarana.pr.gov.br\/site\/wp-json\/wp\/v2\/posts\/16450\/revisions"}],"predecessor-version":[{"id":101243,"href":"https:\/\/www.apucarana.pr.gov.br\/site\/wp-json\/wp\/v2\/posts\/16450\/revisions\/101243"}],"wp:featuredmedia":[{"embeddable":true,"href":"https:\/\/www.apucarana.pr.gov.br\/site\/wp-json\/"}],"wp:attachment":[{"href":"https:\/\/www.apucarana.pr.gov.br\/site\/wp-json\/wp\/v2\/media?parent=16450"}],"wp:term":[{"taxonomy":"category","embeddable":true,"href":"https:\/\/www.apucarana.pr.gov.br\/site\/wp-json\/wp\/v2\/categories?post=16450"},{"taxonomy":"post_tag","embeddable":true,"href":"https:\/\/www.apucarana.pr.gov.br\/site\/wp-json\/wp\/v2\/tags?post=16450"}],"curies":[{"name":"wp","href":"https:\/\/api.w.org\/{rel}","templated":true}]}}